{"id":6601,"date":"2017-06-04T00:00:00","date_gmt":"2017-06-04T00:00:00","guid":{"rendered":"https:\/\/bisbatdemallorca.aplicacionesinteligentes.es\/homilia-en-la-missa-de-pentecosta-a-la-catedral-de-mallorca-accio-de-gracies-beatificacio-lluis-belda\/"},"modified":"2017-06-04T00:00:00","modified_gmt":"2017-06-04T00:00:00","slug":"homilia-en-la-missa-de-pentecosta-a-la-catedral-de-mallorca-accio-de-gracies-beatificacio-lluis-belda","status":"publish","type":"post","link":"https:\/\/www.bisbatdemallorca.org\/ca\/homilia-en-la-missa-de-pentecosta-a-la-catedral-de-mallorca-accio-de-gracies-beatificacio-lluis-belda\/","title":{"rendered":"Homilia en la Missa de Pentecosta a la Catedral de Mallorca &#8211; Acci\u00f3 de gr\u00e0cies beatificaci\u00f3 Llu\u00eds Belda"},"content":{"rendered":"<p class=\"MsoNormal\" style=\"margin-bottom: .0001pt; text-align: justify; line-height: normal; mso-layout-grid-align: none; text-autospace: none;\"><span lang=\"CA\" style=\"font-size: 12.0pt; font-family: &#038;#39Times New Roman' color: black;\">Com la primera Pentecosta de la hist&ograve;ria, avui tot pot tornar a comen&ccedil;ar de nou. &Eacute;s la for&ccedil;a de renovaci&oacute; que l&rsquo;Esperit de D&eacute;u infon constantment a l&rsquo;Esgl&eacute;sia i al m&oacute;n amb el<\/span><\/p>\n<p class=\"MsoNormal\" style=\"margin-bottom: .0001pt; text-align: justify; line-height: normal; mso-layout-grid-align: none; text-autospace: none;\"><span lang=\"CA\" style=\"font-size: 12.0pt; font-family: &#038;#39Times New Roman' color: black;\">seu al&egrave;. A l&rsquo;Esgl&eacute;sia i al m&oacute;n, perqu&egrave; l&rsquo;acci&oacute; de D&eacute;u no coneix fronteres ni est&agrave; lligada a monopolis. Despr&eacute;s de gaireb&eacute; dos mil anys d&rsquo;hist&ograve;ria, durant la qual l&rsquo;acci&oacute; missionera de l&rsquo;Esgl&eacute;sia ha incidit en bona part dels cinc continents, en tants i tants de <span style=\"mso-spacerun: yes;\">&nbsp;<\/span>pobles on ha ressonat i ressona la paraula alliberadora de l&rsquo;Evangeli i el testimoni viu dels cristians. <\/span><\/p>\n<p class=\"MsoNormal\" style=\"margin-bottom: .0001pt; text-align: justify; line-height: normal; mso-layout-grid-align: none; text-autospace: none;\"><span lang=\"CA\" style=\"font-size: 12.0pt; font-family: &#038;#39Times New Roman' color: black;\">&nbsp;<\/span><\/p>\n<p class=\"MsoNormal\" style=\"margin-bottom: .0001pt; text-align: justify; line-height: normal; mso-layout-grid-align: none; text-autospace: none;\"><em style=\"mso-bidi-font-style: normal;\"><span lang=\"CA\" style=\"font-size: 12.0pt; font-family: &#038;#39Times New Roman' color: black;\">&iquest;Quin misteri d&rsquo;amor amaga aquesta font de la qual brolla unitat, enteniment, saviesa, ci&egrave;ncia, consell, fortalesa, alegria, valentia, pau, respecte&hellip;?<\/span><\/em><span lang=\"CA\" style=\"font-size: 12.0pt; font-family: &#038;#39Times New Roman' color: black;\"> <strong style=\"mso-bidi-font-weight: normal;\">&Eacute;s l&rsquo;Esperit del Senyor, que &eacute;s Amor<\/strong> i que <strong style=\"mso-bidi-font-weight: normal;\">es fa particularment do i comunica els seus fruits<\/strong> a un grup de persones que han conviscut amb Jes&uacute;s, l&rsquo;han vist ressuscitat, i ara gaudeixen atordits per una cosa completament in&egrave;dita: per damunt de tota difer&egrave;ncia de ra&ccedil;a, poble i naci&oacute;, proced&egrave;ncia, classe social i situaci&oacute; en la vida, comuniquen amb valentia i claredat un missatge que arriba al cor de tots, a parir del qual experimenten un canvi interior inesperat: passen de la por a la confian&ccedil;a, del recel a l&rsquo;entusiasme, i <strong style=\"mso-bidi-font-weight: normal;\">s&oacute;n portadors d&rsquo;un anunci que cont&eacute; tots els elements de la globalitzaci&oacute; del b&eacute;<\/strong>, ben nou perqu&egrave; va dirigit a la humanitat sencera (cf. 1&ordf; lectura).<\/span><\/p>\n<p class=\"MsoNormal\" style=\"margin-bottom: .0001pt; text-align: justify; line-height: normal; mso-layout-grid-align: none; text-autospace: none;\"><span lang=\"CA\" style=\"font-size: 12.0pt; font-family: &#038;#39Times New Roman' color: black;\">&nbsp;<\/span><\/p>\n<p class=\"MsoNormal\" style=\"margin-bottom: .0001pt; text-align: justify; line-height: normal; mso-layout-grid-align: none; text-autospace: none;\"><span lang=\"CA\" style=\"font-size: 12.0pt; font-family: &#038;#39Times New Roman' color: black;\">Gr&agrave;cies a l&rsquo;experi&egrave;ncia de Pentecosta, avui revivim la comunicaci&oacute; del D&eacute;u Amor a la primera generaci&oacute; de cristians, i fins a nosaltres. Ells s&oacute;n conscients que els passa alguna cosa ins&ograve;lita i no tarden gaire a descobrir que es tracta d&rsquo;Alg&uacute; que els obre al misteri de les altres persones i de D&eacute;u. &Eacute;s l&rsquo;acci&oacute; de l&rsquo;Esperit Sant que supera tots els obstacles i irromp per a fer de tots una humanitat nova des de l&rsquo;amor, des de l&rsquo;aut&egrave;ntica comunicaci&oacute; entre les persones i els pobles, l&rsquo;esclat d&rsquo;aquella bona entesa que crea comuni&oacute; i unitat entre tots. <span style=\"mso-spacerun: yes;\">&nbsp;<\/span><\/span><\/p>\n<p class=\"MsoNormal\" style=\"margin-bottom: .0001pt; text-align: justify; line-height: normal; mso-layout-grid-align: none; text-autospace: none;\"><span lang=\"CA\" style=\"font-size: 12.0pt; font-family: &#038;#39Times New Roman' color: black;\">&nbsp;<\/span><\/p>\n<p class=\"MsoNormal\" style=\"margin-bottom: .0001pt; text-align: justify; line-height: normal; mso-layout-grid-align: none; text-autospace: none;\"><span lang=\"CA\" style=\"font-size: 12.0pt; font-family: &#038;#39Times New Roman' color: black;\">La festa de Pentecosta ens descobreix el valor de la interioritat i, amb ella, el misteri amagat de D&eacute;u, que &eacute;s esperit, en cada persona humana. Pau hi veu la possibilitat d&rsquo;una identificaci&oacute; amb Ell quan diu amb tanta fermesa: &laquo;<strong style=\"mso-bidi-font-weight: normal;\"><em style=\"mso-bidi-font-style: normal;\">l&rsquo;Esperit personalment s&rsquo;uneix al nostre esperit per donar testimoni que som fills de D&eacute;u<\/em><\/strong>&raquo; (Rm 8,16). En una societat com la nostra, qualificada de l&iacute;quida per la seva falta de consist&egrave;ncia interna per tancar-se nom&eacute;s a valors materials i a l&rsquo;ab&uacute;s de consum, l&rsquo;acci&oacute; de l&rsquo;Esperit en nosaltres se&rsquo;ns revela i irromp com a do i com a fruit. &Eacute;s l&rsquo;alternativa a la frustraci&oacute; humana, al buit interior, a la soledat radical, a la incomunicaci&oacute;, al ressentiment que bloqueja tota relaci&oacute; aut&egrave;ntica&hellip; Ens trobem davant de quelcom realment genial per a l&rsquo;anunci de la fe i per a la proposta esperan&ccedil;ada de felicitat: comptem amb una for&ccedil;a interior, divina, que ens dinamitza.<\/span><\/p>\n<p class=\"MsoNormal\" style=\"margin-bottom: .0001pt; text-align: justify; line-height: normal; mso-layout-grid-align: none; text-autospace: none;\"><span lang=\"CA\" style=\"font-size: 12.0pt; font-family: &#038;#39Times New Roman' color: black;\">&nbsp;<\/span><\/p>\n<p class=\"MsoNormal\" style=\"margin-bottom: .0001pt; text-align: justify; line-height: normal; mso-layout-grid-align: none; text-autospace: none;\"><span lang=\"CA\" style=\"font-size: 12.0pt; font-family: &#038;#39Times New Roman' color: black;\">Avui, de manera especial, agra&iuml;m el testimoni del mallorqu&iacute; <strong style=\"mso-bidi-font-weight: normal;\">Llu&iacute;s Belda i Soriano de Montoya<\/strong>, beatificat a Almeria el passat 25 de mar&ccedil;, qui als seus 35 anys i junt amb 115 m&agrave;rtirs, 95 sacerdots i 20 laics van donar la vida per Crist durant la persecuci&oacute; religiosa de la guerra civil espanyola. Un cristi&agrave; de primera fila, pare de fam&iacute;lia nombrosa, cofundador i secretari de l&rsquo;Associaci&oacute; cat&ograve;lica de Propagandistes, des d&rsquo;on va organitzar una Escola Social Obrera, aut&egrave;ntic ap&ograve;stol de l&rsquo;Evangeli i de la Doctrina Social de l&rsquo;Esgl&eacute;sia, home de Dret i Advocat de l&rsquo;Estat. Com l&rsquo;Esperit del Senyor actuava a trav&eacute;s d&rsquo;ell en ser un aut&egrave;ntic deixeble missioner per tot on passava. Des de la pres&oacute;, havia manifestat a la seva esposa que &ldquo;<em style=\"mso-bidi-font-style: normal;\">perdonava de tot cor a tots els qui havia pogut ofendre i als qui anaven a fer-li mal<\/em>&rdquo;. La nostra Esgl&eacute;sia de Mallorca ja l&rsquo;ha inscrit a l&rsquo;arbre frond&oacute;s dels sants i beats d&rsquo;aquesta terra. <\/span><\/p>\n<p class=\"MsoNormal\" style=\"margin-bottom: .0001pt; text-align: justify; line-height: normal; mso-layout-grid-align: none; text-autospace: none;\"><span lang=\"CA\" style=\"font-size: 12.0pt; font-family: &#038;#39Times New Roman' color: black;\">&nbsp;<\/span><\/p>\n<p class=\"MsoNormal\" style=\"margin-bottom: .0001pt; text-align: justify; line-height: normal; mso-layout-grid-align: none; text-autospace: none;\"><span lang=\"CA\" style=\"font-size: 12.0pt; font-family: &#038;#39Times New Roman' color: black;\">Els cristians hem de comunicar avui aquest missatge d&rsquo;amor amb un nou ardor, tot i les resist&egrave;ncies que trobem fora i dins de nosaltres mateixos. <strong style=\"mso-bidi-font-weight: normal;\">Rebem de Jes&uacute;s una missi&oacute;<\/strong> concreta que ens impulsa vers la transformaci&oacute; personal i social segons l&rsquo;Evangeli. Ho hem escoltat amb les seves mateixes paraules: &laquo;<strong style=\"mso-bidi-font-weight: normal;\"><em style=\"mso-bidi-font-style: normal;\">Com el Pare m&rsquo;ha enviat a mi, tamb&eacute; jo us envio a vosaltres<\/em><\/strong>&raquo; (evangeli). El marc i l&rsquo;estil d&rsquo;aquest enviament v&eacute;nen impregnats per un dels fruits de la pres&egrave;ncia de l&rsquo;Esperit: <strong style=\"mso-bidi-font-weight: normal;\">la pau com a do<\/strong>. Aix&ograve; tan dif&iacute;cil d&rsquo;aconseguir quan en la onada d&rsquo;atemptats (ahir vespre mateix a Londres) &eacute;s sembrat de forma totalment irracional el terror, l&rsquo;odi i la venjan&ccedil;a. <strong style=\"mso-bidi-font-weight: normal;\">Sempre ens trobam davant l&rsquo;alternativa: comptar amb l&rsquo;Esperit o prescindir-ne, servir l&rsquo;Esperit del b&eacute; o l&rsquo;esperit del mal.<\/strong> La nostra resposta de fe haur&agrave; de ser ferma, ja que, sense Ell, &laquo;ning&uacute; no pot confessar que Jes&uacute;s &eacute;s el Senyor&raquo;.<\/span><\/p>\n<p class=\"MsoNormal\" style=\"margin-bottom: .0001pt; text-align: justify; line-height: normal; mso-layout-grid-align: none; text-autospace: none;\"><span lang=\"CA\" style=\"font-size: 12.0pt; font-family: &#038;#39Times New Roman' color: black;\">&nbsp;<\/span><\/p>\n<p><!-- [if gte mso 9]><xml>\n <o:OfficeDocumentSettings>\n  <o:AllowPNG\/>\n <\/o:OfficeDocumentSettings>\n<\/xml><![endif]--> <!-- [if gte mso 9]><xml>\n <w:WordDocument>\n  <w:View>Normal<\/w:View>\n  <w:Zoom>0<\/w:Zoom>\n  <w:TrackMoves\/>\n  <w:TrackFormatting\/>\n  <w:HyphenationZone>21<\/w:HyphenationZone>\n  <w:PunctuationKerning\/>\n  <w:ValidateAgainstSchemas\/>\n  <w:SaveIfXMLInvalid>false<\/w:SaveIfXMLInvalid>\n  <w:IgnoreMixedContent>false<\/w:IgnoreMixedContent>\n  <w:AlwaysShowPlaceholderText>false<\/w:AlwaysShowPlaceholderText>\n  <w:DoNotPromoteQF\/>\n  <w:LidThemeOther>CA<\/w:LidThemeOther>\n  <w:LidThemeAsian>JA<\/w:LidThemeAsian>\n  <w:LidThemeComplexScript>X-NONE<\/w:LidThemeComplexScript>\n  <w:Compatibility>\n   <w:BreakWrappedTables\/>\n   <w:SnapToGridInCell\/>\n   <w:WrapTextWithPunct\/>\n   <w:UseAsianBreakRules\/>\n   <w:DontGrowAutofit\/>\n   <w:SplitPgBreakAndParaMark\/>\n   <w:EnableOpenTypeKerning\/>\n   <w:DontFlipMirrorIndents\/>\n   <w:OverrideTableStyleHps\/>\n  <\/w:Compatibility>\n  <m:mathPr>\n   <m:mathFont m:val=\"Cambria Math\"\/>\n   <m:brkBin m:val=\"before\"\/>\n   <m:brkBinSub m:val=\"&#45;-\"\/>\n   <m:smallFrac m:val=\"off\"\/>\n   <m:dispDef\/>\n   <m:lMargin m:val=\"0\"\/>\n   <m:rMargin m:val=\"0\"\/>\n   <m:defJc m:val=\"centerGroup\"\/>\n   <m:wrapIndent m:val=\"1440\"\/>\n   <m:intLim m:val=\"subSup\"\/>\n   <m:naryLim m:val=\"undOvr\"\/>\n  <\/m:mathPr><\/w:WordDocument>\n<\/xml><![endif]--><!-- [if gte mso 9]><xml>\n <w:LatentStyles DefLockedState=\"false\" DefUnhideWhenUsed=\"true\"\n  DefSemiHidden=\"true\" DefQFormat=\"false\" DefPriority=\"99\"\n  LatentStyleCount=\"276\">\n  <w:LsdException Locked=\"false\" Priority=\"0\" SemiHidden=\"false\"\n   UnhideWhenUsed=\"false\" QFormat=\"true\" Name=\"Normal\"\/>\n  <w:LsdException Locked=\"false\" Priority=\"9\" SemiHidden=\"false\"\n   UnhideWhenUsed=\"false\" QFormat=\"true\" Name=\"heading 1\"\/>\n  <w:LsdException Locked=\"false\" Priority=\"9\" QFormat=\"true\" Name=\"heading 2\"\/>\n  <w:LsdException Locked=\"false\" Priority=\"9\" QFormat=\"true\" Name=\"heading 3\"\/>\n  <w:LsdException Locked=\"false\" Priority=\"9\" QFormat=\"true\" Name=\"heading 4\"\/>\n  <w:LsdException Locked=\"false\" Priority=\"9\" QFormat=\"true\" Name=\"heading 5\"\/>\n  <w:LsdException Locked=\"false\" Priority=\"9\" QFormat=\"true\" Name=\"heading 6\"\/>\n  <w:LsdException Locked=\"false\" Priority=\"9\" QFormat=\"true\" Name=\"heading 7\"\/>\n  <w:LsdException Locked=\"false\" Priority=\"9\" QFormat=\"true\" Name=\"heading 8\"\/>\n  <w:LsdException Locked=\"false\" Priority=\"9\" QFormat=\"true\" Name=\"heading 9\"\/>\n  <w:LsdException Locked=\"false\" Priority=\"39\" Name=\"toc 1\"\/>\n  <w:LsdException Locked=\"false\" Priority=\"39\" Name=\"toc 2\"\/>\n  <w:LsdException Locked=\"false\" Priority=\"39\" Name=\"toc 3\"\/>\n  <w:LsdException Locked=\"false\" Priority=\"39\" Name=\"toc 4\"\/>\n  <w:LsdException Locked=\"false\" Priority=\"39\" Name=\"toc 5\"\/>\n  <w:LsdException Locked=\"false\" Priority=\"39\" Name=\"toc 6\"\/>\n  <w:LsdException Locked=\"false\" Priority=\"39\" Name=\"toc 7\"\/>\n  <w:LsdException Locked=\"false\" Priority=\"39\" Name=\"toc 8\"\/>\n  <w:LsdException Locked=\"false\" Priority=\"39\" Name=\"toc 9\"\/>\n  <w:LsdException Locked=\"false\" Priority=\"35\" QFormat=\"true\" Name=\"caption\"\/>\n  <w:LsdException Locked=\"false\" Priority=\"10\" SemiHidden=\"false\"\n   UnhideWhenUsed=\"false\" QFormat=\"true\" Name=\"Title\"\/>\n  <w:LsdException Locked=\"false\" Priority=\"1\" Name=\"Default Paragraph Font\"\/>\n  <w:LsdException Locked=\"false\" Priority=\"11\" SemiHidden=\"false\"\n   UnhideWhenUsed=\"false\" QFormat=\"true\" Name=\"Subtitle\"\/>\n  <w:LsdException Locked=\"false\" Priority=\"22\" SemiHidden=\"false\"\n   UnhideWhenUsed=\"false\" QFormat=\"true\" Name=\"Strong\"\/>\n  <w:LsdException Locked=\"false\" Priority=\"20\" SemiHidden=\"false\"\n   UnhideWhenUsed=\"false\" QFormat=\"true\" Name=\"Emphasis\"\/>\n  <w:LsdException Locked=\"false\" Priority=\"59\" SemiHidden=\"false\"\n   UnhideWhenUsed=\"false\" Name=\"Table Grid\"\/>\n  <w:LsdException Locked=\"false\" UnhideWhenUsed=\"false\" Name=\"Placeholder Text\"\/>\n  <w:LsdException Locked=\"false\" Priority=\"1\" SemiHidden=\"false\"\n   UnhideWhenUsed=\"false\" QFormat=\"true\" Name=\"No Spacing\"\/>\n  <w:LsdException Locked=\"false\" Priority=\"60\" SemiHidden=\"false\"\n   UnhideWhenUsed=\"false\" Name=\"Light Shading\"\/>\n  <w:LsdException Locked=\"false\" Priority=\"61\" SemiHidden=\"false\"\n   UnhideWhenUsed=\"false\" Name=\"Light List\"\/>\n  <w:LsdException Locked=\"false\" Priority=\"62\" SemiHidden=\"false\"\n   UnhideWhenUsed=\"false\" Name=\"Light Grid\"\/>\n  <w:LsdException Locked=\"false\" Priority=\"63\" SemiHidden=\"false\"\n   UnhideWhenUsed=\"false\" Name=\"Medium Shading 1\"\/>\n  <w:LsdException Locked=\"false\" Priority=\"64\" SemiHidden=\"false\"\n   UnhideWhenUsed=\"false\" Name=\"Medium Shading 2\"\/>\n  <w:LsdException Locked=\"false\" Priority=\"65\" SemiHidden=\"false\"\n   UnhideWhenUsed=\"false\" Name=\"Medium List 1\"\/>\n  <w:LsdException Locked=\"false\" Priority=\"66\" SemiHidden=\"false\"\n   UnhideWhenUsed=\"false\" Name=\"Medium List 2\"\/>\n  <w:LsdException Locked=\"false\" Priority=\"67\" SemiHidden=\"false\"\n   UnhideWhenUsed=\"false\" Name=\"Medium Grid 1\"\/>\n  <w:LsdException Locked=\"false\" Priority=\"68\" SemiHidden=\"false\"\n   UnhideWhenUsed=\"false\" Name=\"Medium Grid 2\"\/>\n  <w:LsdException Locked=\"false\" Priority=\"69\" SemiHidden=\"false\"\n   UnhideWhenUsed=\"false\" Name=\"Medium Grid 3\"\/>\n  <w:LsdException Locked=\"false\" Priority=\"70\" SemiHidden=\"false\"\n   UnhideWhenUsed=\"false\" Name=\"Dark List\"\/>\n  <w:LsdException Locked=\"false\" Priority=\"71\" SemiHidden=\"false\"\n   UnhideWhenUsed=\"false\" Name=\"Colorful Shading\"\/>\n  <w:LsdException Locked=\"false\" Priority=\"72\" SemiHidden=\"false\"\n   UnhideWhenUsed=\"false\" Name=\"Colorful List\"\/>\n  <w:LsdException Locked=\"false\" Priority=\"73\" SemiHidden=\"false\"\n   UnhideWhenUsed=\"false\" Name=\"Colorful Grid\"\/>\n  <w:LsdException Locked=\"false\" Priority=\"60\" SemiHidden=\"false\"\n   UnhideWhenUsed=\"false\" Name=\"Light Shading Accent 1\"\/>\n  <w:LsdException Locked=\"false\" Priority=\"61\" SemiHidden=\"false\"\n   UnhideWhenUsed=\"false\" Name=\"Light List Accent 1\"\/>\n  <w:LsdException Locked=\"false\" Priority=\"62\" SemiHidden=\"false\"\n   UnhideWhenUsed=\"false\" Name=\"Light Grid Accent 1\"\/>\n  <w:LsdException Locked=\"false\" Priority=\"63\" SemiHidden=\"false\"\n   UnhideWhenUsed=\"false\" Name=\"Medium Shading 1 Accent 1\"\/>\n  <w:LsdException Locked=\"false\" Priority=\"64\" SemiHidden=\"false\"\n   UnhideWhenUsed=\"false\" Name=\"Medium Shading 2 Accent 1\"\/>\n  <w:LsdException Locked=\"false\" Priority=\"65\" SemiHidden=\"false\"\n   UnhideWhenUsed=\"false\" Name=\"Medium List 1 Accent 1\"\/>\n  <w:LsdException Locked=\"false\" UnhideWhenUsed=\"false\" Name=\"Revision\"\/>\n  <w:LsdException Locked=\"false\" Priority=\"34\" SemiHidden=\"false\"\n   UnhideWhenUsed=\"false\" QFormat=\"true\" Name=\"List Paragraph\"\/>\n  <w:LsdException Locked=\"false\" Priority=\"29\" SemiHidden=\"false\"\n   UnhideWhenUsed=\"false\" QFormat=\"true\" Name=\"Quote\"\/>\n  <w:LsdException Locked=\"false\" Priority=\"30\" SemiHidden=\"false\"\n   UnhideWhenUsed=\"false\" QFormat=\"true\" Name=\"Intense Quote\"\/>\n  <w:LsdException Locked=\"false\" Priority=\"66\" SemiHidden=\"false\"\n   UnhideWhenUsed=\"false\" Name=\"Medium List 2 Accent 1\"\/>\n  <w:LsdException Locked=\"false\" Priority=\"67\" SemiHidden=\"false\"\n   UnhideWhenUsed=\"false\" Name=\"Medium Grid 1 Accent 1\"\/>\n  <w:LsdException Locked=\"false\" Priority=\"68\" SemiHidden=\"false\"\n   UnhideWhenUsed=\"false\" Name=\"Medium Grid 2 Accent 1\"\/>\n  <w:LsdException Locked=\"false\" Priority=\"69\" SemiHidden=\"false\"\n   UnhideWhenUsed=\"false\" Name=\"Medium Grid 3 Accent 1\"\/>\n  <w:LsdException Locked=\"false\" Priority=\"70\" SemiHidden=\"false\"\n   UnhideWhenUsed=\"false\" Name=\"Dark List Accent 1\"\/>\n  <w:LsdException Locked=\"false\" Priority=\"71\" SemiHidden=\"false\"\n   UnhideWhenUsed=\"false\" Name=\"Colorful Shading Accent 1\"\/>\n  <w:LsdException Locked=\"false\" Priority=\"72\" SemiHidden=\"false\"\n   UnhideWhenUsed=\"false\" Name=\"Colorful List Accent 1\"\/>\n  <w:LsdException Locked=\"false\" Priority=\"73\" SemiHidden=\"false\"\n   UnhideWhenUsed=\"false\" Name=\"Colorful Grid Accent 1\"\/>\n  <w:LsdException Locked=\"false\" Priority=\"60\" SemiHidden=\"false\"\n   UnhideWhenUsed=\"false\" Name=\"Light Shading Accent 2\"\/>\n  <w:LsdException Locked=\"false\" Priority=\"61\" SemiHidden=\"false\"\n   UnhideWhenUsed=\"false\" Name=\"Light List Accent 2\"\/>\n  <w:LsdException Locked=\"false\" Priority=\"62\" SemiHidden=\"false\"\n   UnhideWhenUsed=\"false\" Name=\"Light Grid Accent 2\"\/>\n  <w:LsdException Locked=\"false\" Priority=\"63\" SemiHidden=\"false\"\n   UnhideWhenUsed=\"false\" Name=\"Medium Shading 1 Accent 2\"\/>\n  <w:LsdException Locked=\"false\" Priority=\"64\" SemiHidden=\"false\"\n   UnhideWhenUsed=\"false\" Name=\"Medium Shading 2 Accent 2\"\/>\n  <w:LsdException Locked=\"false\" Priority=\"65\" SemiHidden=\"false\"\n   UnhideWhenUsed=\"false\" Name=\"Medium List 1 Accent 2\"\/>\n  <w:LsdException Locked=\"false\" Priority=\"66\" SemiHidden=\"false\"\n   UnhideWhenUsed=\"false\" Name=\"Medium List 2 Accent 2\"\/>\n  <w:LsdException Locked=\"false\" Priority=\"67\" SemiHidden=\"false\"\n   UnhideWhenUsed=\"false\" Name=\"Medium Grid 1 Accent 2\"\/>\n  <w:LsdException Locked=\"false\" Priority=\"68\" SemiHidden=\"false\"\n   UnhideWhenUsed=\"false\" Name=\"Medium Grid 2 Accent 2\"\/>\n  <w:LsdException Locked=\"false\" Priority=\"69\" SemiHidden=\"false\"\n   UnhideWhenUsed=\"false\" Name=\"Medium Grid 3 Accent 2\"\/>\n  <w:LsdException Locked=\"false\" Priority=\"70\" SemiHidden=\"false\"\n   UnhideWhenUsed=\"false\" Name=\"Dark List Accent 2\"\/>\n  <w:LsdException Locked=\"false\" Priority=\"71\" SemiHidden=\"false\"\n   UnhideWhenUsed=\"false\" Name=\"Colorful Shading Accent 2\"\/>\n  <w:LsdException Locked=\"false\" Priority=\"72\" SemiHidden=\"false\"\n   UnhideWhenUsed=\"false\" Name=\"Colorful List Accent 2\"\/>\n  <w:LsdException Locked=\"false\" Priority=\"73\" SemiHidden=\"false\"\n   UnhideWhenUsed=\"false\" Name=\"Colorful Grid Accent 2\"\/>\n  <w:LsdException Locked=\"false\" Priority=\"60\" SemiHidden=\"false\"\n   UnhideWhenUsed=\"false\" Name=\"Light Shading Accent 3\"\/>\n  <w:LsdException Locked=\"false\" Priority=\"61\" SemiHidden=\"false\"\n   UnhideWhenUsed=\"false\" Name=\"Light List Accent 3\"\/>\n  <w:LsdException Locked=\"false\" Priority=\"62\" SemiHidden=\"false\"\n   UnhideWhenUsed=\"false\" Name=\"Light Grid Accent 3\"\/>\n  <w:LsdException Locked=\"false\" Priority=\"63\" SemiHidden=\"false\"\n   UnhideWhenUsed=\"false\" Name=\"Medium Shading 1 Accent 3\"\/>\n  <w:LsdException Locked=\"false\" Priority=\"64\" SemiHidden=\"false\"\n   UnhideWhenUsed=\"false\" Name=\"Medium Shading 2 Accent 3\"\/>\n  <w:LsdException Locked=\"false\" Priority=\"65\" SemiHidden=\"false\"\n   UnhideWhenUsed=\"false\" Name=\"Medium List 1 Accent 3\"\/>\n  <w:LsdException Locked=\"false\" Priority=\"66\" SemiHidden=\"false\"\n   UnhideWhenUsed=\"false\" Name=\"Medium List 2 Accent 3\"\/>\n  <w:LsdException Locked=\"false\" Priority=\"67\" SemiHidden=\"false\"\n   UnhideWhenUsed=\"false\" Name=\"Medium Grid 1 Accent 3\"\/>\n  <w:LsdException Locked=\"false\" Priority=\"68\" SemiHidden=\"false\"\n   UnhideWhenUsed=\"false\" Name=\"Medium Grid 2 Accent 3\"\/>\n  <w:LsdException Locked=\"false\" Priority=\"69\" SemiHidden=\"false\"\n   UnhideWhenUsed=\"false\" Name=\"Medium Grid 3 Accent 3\"\/>\n  <w:LsdException Locked=\"false\" Priority=\"70\" SemiHidden=\"false\"\n   UnhideWhenUsed=\"false\" Name=\"Dark List Accent 3\"\/>\n  <w:LsdException Locked=\"false\" Priority=\"71\" SemiHidden=\"false\"\n   UnhideWhenUsed=\"false\" Name=\"Colorful Shading Accent 3\"\/>\n  <w:LsdException Locked=\"false\" Priority=\"72\" SemiHidden=\"false\"\n   UnhideWhenUsed=\"false\" Name=\"Colorful List Accent 3\"\/>\n  <w:LsdException Locked=\"false\" Priority=\"73\" SemiHidden=\"false\"\n   UnhideWhenUsed=\"false\" Name=\"Colorful Grid Accent 3\"\/>\n  <w:LsdException Locked=\"false\" Priority=\"60\" SemiHidden=\"false\"\n   UnhideWhenUsed=\"false\" Name=\"Light Shading Accent 4\"\/>\n  <w:LsdException Locked=\"false\" Priority=\"61\" SemiHidden=\"false\"\n   UnhideWhenUsed=\"false\" Name=\"Light List Accent 4\"\/>\n  <w:LsdException Locked=\"false\" Priority=\"62\" SemiHidden=\"false\"\n   UnhideWhenUsed=\"false\" Name=\"Light Grid Accent 4\"\/>\n  <w:LsdException Locked=\"false\" Priority=\"63\" SemiHidden=\"false\"\n   UnhideWhenUsed=\"false\" Name=\"Medium Shading 1 Accent 4\"\/>\n  <w:LsdException Locked=\"false\" Priority=\"64\" SemiHidden=\"false\"\n   UnhideWhenUsed=\"false\" Name=\"Medium Shading 2 Accent 4\"\/>\n  <w:LsdException Locked=\"false\" Priority=\"65\" SemiHidden=\"false\"\n   UnhideWhenUsed=\"false\" Name=\"Medium List 1 Accent 4\"\/>\n  <w:LsdException Locked=\"false\" Priority=\"66\" SemiHidden=\"false\"\n   UnhideWhenUsed=\"false\" Name=\"Medium List 2 Accent 4\"\/>\n  <w:LsdException Locked=\"false\" Priority=\"67\" SemiHidden=\"false\"\n   UnhideWhenUsed=\"false\" Name=\"Medium Grid 1 Accent 4\"\/>\n  <w:LsdException Locked=\"false\" Priority=\"68\" SemiHidden=\"false\"\n   UnhideWhenUsed=\"false\" Name=\"Medium Grid 2 Accent 4\"\/>\n  <w:LsdException Locked=\"false\" Priority=\"69\" SemiHidden=\"false\"\n   UnhideWhenUsed=\"false\" Name=\"Medium Grid 3 Accent 4\"\/>\n  <w:LsdException Locked=\"false\" Priority=\"70\" SemiHidden=\"false\"\n   UnhideWhenUsed=\"false\" Name=\"Dark List Accent 4\"\/>\n  <w:LsdException Locked=\"false\" Priority=\"71\" SemiHidden=\"false\"\n   UnhideWhenUsed=\"false\" Name=\"Colorful Shading Accent 4\"\/>\n  <w:LsdException Locked=\"false\" Priority=\"72\" SemiHidden=\"false\"\n   UnhideWhenUsed=\"false\" Name=\"Colorful List Accent 4\"\/>\n  <w:LsdException Locked=\"false\" Priority=\"73\" SemiHidden=\"false\"\n   UnhideWhenUsed=\"false\" Name=\"Colorful Grid Accent 4\"\/>\n  <w:LsdException Locked=\"false\" Priority=\"60\" SemiHidden=\"false\"\n   UnhideWhenUsed=\"false\" Name=\"Light Shading Accent 5\"\/>\n  <w:LsdException Locked=\"false\" Priority=\"61\" SemiHidden=\"false\"\n   UnhideWhenUsed=\"false\" Name=\"Light List Accent 5\"\/>\n  <w:LsdException Locked=\"false\" Priority=\"62\" SemiHidden=\"false\"\n   UnhideWhenUsed=\"false\" Name=\"Light Grid Accent 5\"\/>\n  <w:LsdException Locked=\"false\" Priority=\"63\" SemiHidden=\"false\"\n   UnhideWhenUsed=\"false\" Name=\"Medium Shading 1 Accent 5\"\/>\n  <w:LsdException Locked=\"false\" Priority=\"64\" SemiHidden=\"false\"\n   UnhideWhenUsed=\"false\" Name=\"Medium Shading 2 Accent 5\"\/>\n  <w:LsdException Locked=\"false\" Priority=\"65\" SemiHidden=\"false\"\n   UnhideWhenUsed=\"false\" Name=\"Medium List 1 Accent 5\"\/>\n  <w:LsdException Locked=\"false\" Priority=\"66\" SemiHidden=\"false\"\n   UnhideWhenUsed=\"false\" Name=\"Medium List 2 Accent 5\"\/>\n  <w:LsdException Locked=\"false\" Priority=\"67\" SemiHidden=\"false\"\n   UnhideWhenUsed=\"false\" Name=\"Medium Grid 1 Accent 5\"\/>\n  <w:LsdException Locked=\"false\" Priority=\"68\" SemiHidden=\"false\"\n   UnhideWhenUsed=\"false\" Name=\"Medium Grid 2 Accent 5\"\/>\n  <w:LsdException Locked=\"false\" Priority=\"69\" SemiHidden=\"false\"\n   UnhideWhenUsed=\"false\" Name=\"Medium Grid 3 Accent 5\"\/>\n  <w:LsdException Locked=\"false\" Priority=\"70\" SemiHidden=\"false\"\n   UnhideWhenUsed=\"false\" Name=\"Dark List Accent 5\"\/>\n  <w:LsdException Locked=\"false\" Priority=\"71\" SemiHidden=\"false\"\n   UnhideWhenUsed=\"false\" Name=\"Colorful Shading Accent 5\"\/>\n  <w:LsdException Locked=\"false\" Priority=\"72\" SemiHidden=\"false\"\n   UnhideWhenUsed=\"false\" Name=\"Colorful List Accent 5\"\/>\n  <w:LsdException Locked=\"false\" Priority=\"73\" SemiHidden=\"false\"\n   UnhideWhenUsed=\"false\" Name=\"Colorful Grid Accent 5\"\/>\n  <w:LsdException Locked=\"false\" Priority=\"60\" SemiHidden=\"false\"\n   UnhideWhenUsed=\"false\" Name=\"Light Shading Accent 6\"\/>\n  <w:LsdException Locked=\"false\" Priority=\"61\" SemiHidden=\"false\"\n   UnhideWhenUsed=\"false\" Name=\"Light List Accent 6\"\/>\n  <w:LsdException Locked=\"false\" Priority=\"62\" SemiHidden=\"false\"\n   UnhideWhenUsed=\"false\" Name=\"Light Grid Accent 6\"\/>\n  <w:LsdException Locked=\"false\" Priority=\"63\" SemiHidden=\"false\"\n   UnhideWhenUsed=\"false\" Name=\"Medium Shading 1 Accent 6\"\/>\n  <w:LsdException Locked=\"false\" Priority=\"64\" SemiHidden=\"false\"\n   UnhideWhenUsed=\"false\" Name=\"Medium Shading 2 Accent 6\"\/>\n  <w:LsdException Locked=\"false\" Priority=\"65\" SemiHidden=\"false\"\n   UnhideWhenUsed=\"false\" Name=\"Medium List 1 Accent 6\"\/>\n  <w:LsdException Locked=\"false\" Priority=\"66\" SemiHidden=\"false\"\n   UnhideWhenUsed=\"false\" Name=\"Medium List 2 Accent 6\"\/>\n  <w:LsdException Locked=\"false\" Priority=\"67\" SemiHidden=\"false\"\n   UnhideWhenUsed=\"false\" Name=\"Medium Grid 1 Accent 6\"\/>\n  <w:LsdException Locked=\"false\" Priority=\"68\" SemiHidden=\"false\"\n   UnhideWhenUsed=\"false\" Name=\"Medium Grid 2 Accent 6\"\/>\n  <w:LsdException Locked=\"false\" Priority=\"69\" SemiHidden=\"false\"\n   UnhideWhenUsed=\"false\" Name=\"Medium Grid 3 Accent 6\"\/>\n  <w:LsdException Locked=\"false\" Priority=\"70\" SemiHidden=\"false\"\n   UnhideWhenUsed=\"false\" Name=\"Dark List Accent 6\"\/>\n  <w:LsdException Locked=\"false\" Priority=\"71\" SemiHidden=\"false\"\n   UnhideWhenUsed=\"false\" Name=\"Colorful Shading Accent 6\"\/>\n  <w:LsdException Locked=\"false\" Priority=\"72\" SemiHidden=\"false\"\n   UnhideWhenUsed=\"false\" Name=\"Colorful List Accent 6\"\/>\n  <w:LsdException Locked=\"false\" Priority=\"73\" SemiHidden=\"false\"\n   UnhideWhenUsed=\"false\" Name=\"Colorful Grid Accent 6\"\/>\n  <w:LsdException Locked=\"false\" Priority=\"19\" SemiHidden=\"false\"\n   UnhideWhenUsed=\"false\" QFormat=\"true\" Name=\"Subtle Emphasis\"\/>\n  <w:LsdException Locked=\"false\" Priority=\"21\" SemiHidden=\"false\"\n   UnhideWhenUsed=\"false\" QFormat=\"true\" Name=\"Intense Emphasis\"\/>\n  <w:LsdException Locked=\"false\" Priority=\"31\" SemiHidden=\"false\"\n   UnhideWhenUsed=\"false\" QFormat=\"true\" Name=\"Subtle Reference\"\/>\n  <w:LsdException Locked=\"false\" Priority=\"32\" SemiHidden=\"false\"\n   UnhideWhenUsed=\"false\" QFormat=\"true\" Name=\"Intense Reference\"\/>\n  <w:LsdException Locked=\"false\" Priority=\"33\" SemiHidden=\"false\"\n   UnhideWhenUsed=\"false\" QFormat=\"true\" Name=\"Book Title\"\/>\n  <w:LsdException Locked=\"false\" Priority=\"37\" Name=\"Bibliography\"\/>\n  <w:LsdException Locked=\"false\" Priority=\"39\" QFormat=\"true\" Name=\"TOC Heading\"\/>\n <\/w:LatentStyles>\n<\/xml><![endif]--><!-- [if gte mso 10]>\n\n\n<style>\n \/* Style Definitions *\/\ntable.MsoNormalTable\n\t{mso-style-name:\"Tabla normal\";\n\tmso-tstyle-rowband-size:0;\n\tmso-tstyle-colband-size:0;\n\tmso-style-noshow:yes;\n\tmso-style-priority:99;\n\tmso-style-parent:\"\";\n\tmso-padding-alt:0cm 5.4pt 0cm 5.4pt;\n\tmso-para-margin-top:0cm;\n\tmso-para-margin-right:0cm;\n\tmso-para-margin-bottom:8.0pt;\n\tmso-para-margin-left:0cm;\n\tline-height:107%;\n\tmso-pagination:widow-orphan;\n\tfont-size:11.0pt;\n\tfont-family:Calibri;\n\tmso-ascii-font-family:Calibri;\n\tmso-ascii-theme-font:minor-latin;\n\tmso-hansi-font-family:Calibri;\n\tmso-hansi-theme-font:minor-latin;\n\tmso-ansi-language:CA;\n\tmso-fareast-language:EN-US;}\n<\/style>\n\n\n<![endif]--> <!--StartFragment--> <!--EndFragment--><\/p>\n<p class=\"MsoNormal\" style=\"margin-bottom: .0001pt; text-align: justify; line-height: normal; mso-layout-grid-align: none; text-autospace: none;\"><span lang=\"CA\" style=\"font-size: 12.0pt; font-family: &#038;#39Times New Roman' color: black;\">Per aix&ograve;, professar la fe en l&rsquo;Esperit Sant ens submergeix en la confian&ccedil;a plena de la seva acci&oacute; salvadora. Li demanam avui que sigui sempre amb nosaltres, que il&middot;lumini els nostres cors, que suggereixi i dugui a terme les nostres decisions, i ens dugui a la veritat completa; li demanem que mai no siguem un obstacle a la seva just&iacute;cia i santedat, i que sapiguem tractar-ho tot en la fe, l&rsquo;amor i la just&iacute;cia. En la preg&agrave;ria, en la celebraci&oacute; dels sagraments, especialment ara en l&rsquo;Eucaristia, en tota acci&oacute; impregnada d&rsquo;amor solidari i de predilecci&oacute; pels m&eacute;s pobres, en tot esfor&ccedil; de comunicaci&oacute; aut&egrave;nticament humana, Jes&uacute;s ens promet el seu Esperit Defensor que ens acompanyar&agrave; i estar&agrave; sempre en nosaltres. <\/span><\/p>\n","protected":false},"excerpt":{"rendered":"<p>Com la primera Pentecosta de la hist&ograve;ria, avui tot pot  [&#8230;]<\/p>\n","protected":false},"author":1,"featured_media":0,"comment_status":"open","ping_status":"open","sticky":false,"template":"","format":"standard","meta":{"footnotes":""},"categories":[38],"tags":[],"class_list":["post-6601","post","type-post","status-publish","format-standard","hentry","category-homilies"],"yoast_head":"<!-- This site is optimized with the Yoast SEO plugin v27.0 - https:\/\/yoast.com\/product\/yoast-seo-wordpress\/ -->\n<title>Homilia en la Missa de Pentecosta a la Catedral de Mallorca - Acci\u00f3 de gr\u00e0cies beatificaci\u00f3 Llu\u00eds Belda<\/title>\n<meta name=\"robots\" content=\"index, follow, max-snippet:-1, max-image-preview:large, max-video-preview:-1\" \/>\n<link rel=\"canonical\" href=\"https:\/\/www.bisbatdemallorca.org\/ca\/homilia-en-la-missa-de-pentecosta-a-la-catedral-de-mallorca-accio-de-gracies-beatificacio-lluis-belda\/\" \/>\n<meta property=\"og:locale\" content=\"ca_ES\" \/>\n<meta property=\"og:locale:alternate\" content=\"en_US\" \/>\n<meta property=\"og:locale:alternate\" content=\"es_ES\" \/>\n<meta property=\"og:type\" content=\"article\" \/>\n<meta property=\"og:title\" content=\"Homilia en la Missa de Pentecosta a la Catedral de Mallorca - Acci\u00f3 de gr\u00e0cies beatificaci\u00f3 Llu\u00eds Belda\" \/>\n<meta property=\"og:description\" content=\"Com la primera Pentecosta de la hist&ograve;ria, avui tot pot [...]\" \/>\n<meta property=\"og:url\" content=\"https:\/\/www.bisbatdemallorca.org\/ca\/homilia-en-la-missa-de-pentecosta-a-la-catedral-de-mallorca-accio-de-gracies-beatificacio-lluis-belda\/\" \/>\n<meta property=\"og:site_name\" content=\"Bisbat de Mallorca\" \/>\n<meta property=\"article:published_time\" content=\"2017-06-04T00:00:00+00:00\" \/>\n<meta name=\"author\" content=\"admin\" \/>\n<meta name=\"twitter:card\" content=\"summary_large_image\" \/>\n<meta name=\"twitter:label1\" content=\"Escrit per\" \/>\n\t<meta name=\"twitter:data1\" content=\"admin\" \/>\n\t<meta name=\"twitter:label2\" content=\"Temps estimat de lectura\" \/>\n\t<meta name=\"twitter:data2\" content=\"6 minuts\" \/>\n<script type=\"application\/ld+json\" class=\"yoast-schema-graph\">{\"@context\":\"https:\/\/schema.org\",\"@graph\":[{\"@type\":\"Article\",\"@id\":\"https:\/\/www.bisbatdemallorca.org\/homilia-en-la-missa-de-pentecosta-a-la-catedral-de-mallorca-accio-de-gracies-beatificacio-lluis-belda\/#article\",\"isPartOf\":{\"@id\":\"https:\/\/www.bisbatdemallorca.org\/homilia-en-la-missa-de-pentecosta-a-la-catedral-de-mallorca-accio-de-gracies-beatificacio-lluis-belda\/\"},\"author\":{\"name\":\"admin\",\"@id\":\"https:\/\/www.bisbatdemallorca.org\/ca\/#\/schema\/person\/4aab9713229c738e4a763607fc0bd588\"},\"headline\":\"Homilia en la Missa de Pentecosta a la Catedral de Mallorca &#8211; Acci\u00f3 de gr\u00e0cies beatificaci\u00f3 Llu\u00eds Belda\",\"datePublished\":\"2017-06-04T00:00:00+00:00\",\"mainEntityOfPage\":{\"@id\":\"https:\/\/www.bisbatdemallorca.org\/homilia-en-la-missa-de-pentecosta-a-la-catedral-de-mallorca-accio-de-gracies-beatificacio-lluis-belda\/\"},\"wordCount\":1244,\"commentCount\":0,\"publisher\":{\"@id\":\"https:\/\/www.bisbatdemallorca.org\/ca\/#organization\"},\"articleSection\":[\"Homilies\"],\"inLanguage\":\"ca\",\"potentialAction\":[{\"@type\":\"CommentAction\",\"name\":\"Comment\",\"target\":[\"https:\/\/www.bisbatdemallorca.org\/homilia-en-la-missa-de-pentecosta-a-la-catedral-de-mallorca-accio-de-gracies-beatificacio-lluis-belda\/#respond\"]}]},{\"@type\":\"WebPage\",\"@id\":\"https:\/\/www.bisbatdemallorca.org\/homilia-en-la-missa-de-pentecosta-a-la-catedral-de-mallorca-accio-de-gracies-beatificacio-lluis-belda\/\",\"url\":\"https:\/\/www.bisbatdemallorca.org\/homilia-en-la-missa-de-pentecosta-a-la-catedral-de-mallorca-accio-de-gracies-beatificacio-lluis-belda\/\",\"name\":\"Homilia en la Missa de Pentecosta a la Catedral de Mallorca - Acci\u00f3 de gr\u00e0cies beatificaci\u00f3 Llu\u00eds Belda\",\"isPartOf\":{\"@id\":\"https:\/\/www.bisbatdemallorca.org\/ca\/#website\"},\"datePublished\":\"2017-06-04T00:00:00+00:00\",\"breadcrumb\":{\"@id\":\"https:\/\/www.bisbatdemallorca.org\/homilia-en-la-missa-de-pentecosta-a-la-catedral-de-mallorca-accio-de-gracies-beatificacio-lluis-belda\/#breadcrumb\"},\"inLanguage\":\"ca\",\"potentialAction\":[{\"@type\":\"ReadAction\",\"target\":[\"https:\/\/www.bisbatdemallorca.org\/homilia-en-la-missa-de-pentecosta-a-la-catedral-de-mallorca-accio-de-gracies-beatificacio-lluis-belda\/\"]}]},{\"@type\":\"BreadcrumbList\",\"@id\":\"https:\/\/www.bisbatdemallorca.org\/homilia-en-la-missa-de-pentecosta-a-la-catedral-de-mallorca-accio-de-gracies-beatificacio-lluis-belda\/#breadcrumb\",\"itemListElement\":[{\"@type\":\"ListItem\",\"position\":1,\"name\":\"Portada\",\"item\":\"https:\/\/www.bisbatdemallorca.org\/ca\/\"},{\"@type\":\"ListItem\",\"position\":2,\"name\":\"Homilia en la Missa de Pentecosta a la Catedral de Mallorca &#8211; Acci\u00f3 de gr\u00e0cies beatificaci\u00f3 Llu\u00eds Belda\"}]},{\"@type\":\"WebSite\",\"@id\":\"https:\/\/www.bisbatdemallorca.org\/ca\/#website\",\"url\":\"https:\/\/www.bisbatdemallorca.org\/ca\/\",\"name\":\"Bisbat de Mallorca\",\"description\":\"Just another WordPress site\",\"publisher\":{\"@id\":\"https:\/\/www.bisbatdemallorca.org\/ca\/#organization\"},\"potentialAction\":[{\"@type\":\"SearchAction\",\"target\":{\"@type\":\"EntryPoint\",\"urlTemplate\":\"https:\/\/www.bisbatdemallorca.org\/ca\/?s={search_term_string}\"},\"query-input\":{\"@type\":\"PropertyValueSpecification\",\"valueRequired\":true,\"valueName\":\"search_term_string\"}}],\"inLanguage\":\"ca\"},{\"@type\":\"Organization\",\"@id\":\"https:\/\/www.bisbatdemallorca.org\/ca\/#organization\",\"name\":\"Bisbat De Mallorca\",\"url\":\"https:\/\/www.bisbatdemallorca.org\/ca\/\",\"logo\":{\"@type\":\"ImageObject\",\"inLanguage\":\"ca\",\"@id\":\"https:\/\/www.bisbatdemallorca.org\/ca\/#\/schema\/logo\/image\/\",\"url\":\"https:\/\/bisbatdemallorca.org\/wp-content\/uploads\/2022\/04\/Logo_Bisbat-de-Mallorca-scaled.jpeg\",\"contentUrl\":\"https:\/\/bisbatdemallorca.org\/wp-content\/uploads\/2022\/04\/Logo_Bisbat-de-Mallorca-scaled.jpeg\",\"width\":2560,\"height\":1810,\"caption\":\"Bisbat De Mallorca\"},\"image\":{\"@id\":\"https:\/\/www.bisbatdemallorca.org\/ca\/#\/schema\/logo\/image\/\"}},{\"@type\":\"Person\",\"@id\":\"https:\/\/www.bisbatdemallorca.org\/ca\/#\/schema\/person\/4aab9713229c738e4a763607fc0bd588\",\"name\":\"admin\",\"image\":{\"@type\":\"ImageObject\",\"inLanguage\":\"ca\",\"@id\":\"https:\/\/www.bisbatdemallorca.org\/ca\/#\/schema\/person\/image\/\",\"url\":\"https:\/\/secure.gravatar.com\/avatar\/db14643139881ffd81e1296c9de82290e7857ed2bb4d40dbe42069dd80ef4774?s=96&d=mm&r=g\",\"contentUrl\":\"https:\/\/secure.gravatar.com\/avatar\/db14643139881ffd81e1296c9de82290e7857ed2bb4d40dbe42069dd80ef4774?s=96&d=mm&r=g\",\"caption\":\"admin\"},\"sameAs\":[\"https:\/\/bisbatdemallorca.org\"],\"url\":\"https:\/\/www.bisbatdemallorca.org\/ca\/author\/departamentoweb_bzjy60os\/\"}]}<\/script>\n<!-- \/ Yoast SEO plugin. -->","yoast_head_json":{"title":"Homilia en la Missa de Pentecosta a la Catedral de Mallorca - Acci\u00f3 de gr\u00e0cies beatificaci\u00f3 Llu\u00eds Belda","robots":{"index":"index","follow":"follow","max-snippet":"max-snippet:-1","max-image-preview":"max-image-preview:large","max-video-preview":"max-video-preview:-1"},"canonical":"https:\/\/www.bisbatdemallorca.org\/ca\/homilia-en-la-missa-de-pentecosta-a-la-catedral-de-mallorca-accio-de-gracies-beatificacio-lluis-belda\/","og_locale":"ca_ES","og_type":"article","og_title":"[:es]Homilia en la Missa de Pentecosta a la Catedral de Mallorca - Acci\u00f3 de gr\u00e0cies beatificaci\u00f3 Llu\u00eds Belda[:] - Bisbat de Mallorca","og_description":"Com la primera Pentecosta de la hist&ograve;ria, avui tot pot [...]","og_url":"https:\/\/www.bisbatdemallorca.org\/ca\/homilia-en-la-missa-de-pentecosta-a-la-catedral-de-mallorca-accio-de-gracies-beatificacio-lluis-belda\/","og_site_name":"Bisbat de Mallorca","article_published_time":"2017-06-04T00:00:00+00:00","author":"admin","twitter_card":"summary_large_image","twitter_misc":{"Escrit per":"admin","Temps estimat de lectura":"6 minuts"},"schema":{"@context":"https:\/\/schema.org","@graph":[{"@type":"Article","@id":"https:\/\/www.bisbatdemallorca.org\/homilia-en-la-missa-de-pentecosta-a-la-catedral-de-mallorca-accio-de-gracies-beatificacio-lluis-belda\/#article","isPartOf":{"@id":"https:\/\/www.bisbatdemallorca.org\/homilia-en-la-missa-de-pentecosta-a-la-catedral-de-mallorca-accio-de-gracies-beatificacio-lluis-belda\/"},"author":{"name":"admin","@id":"https:\/\/www.bisbatdemallorca.org\/ca\/#\/schema\/person\/4aab9713229c738e4a763607fc0bd588"},"headline":"Homilia en la Missa de Pentecosta a la Catedral de Mallorca &#8211; Acci\u00f3 de gr\u00e0cies beatificaci\u00f3 Llu\u00eds Belda","datePublished":"2017-06-04T00:00:00+00:00","mainEntityOfPage":{"@id":"https:\/\/www.bisbatdemallorca.org\/homilia-en-la-missa-de-pentecosta-a-la-catedral-de-mallorca-accio-de-gracies-beatificacio-lluis-belda\/"},"wordCount":1244,"commentCount":0,"publisher":{"@id":"https:\/\/www.bisbatdemallorca.org\/ca\/#organization"},"articleSection":["Homilies"],"inLanguage":"ca","potentialAction":[{"@type":"CommentAction","name":"Comment","target":["https:\/\/www.bisbatdemallorca.org\/homilia-en-la-missa-de-pentecosta-a-la-catedral-de-mallorca-accio-de-gracies-beatificacio-lluis-belda\/#respond"]}]},{"@type":"WebPage","@id":"https:\/\/www.bisbatdemallorca.org\/homilia-en-la-missa-de-pentecosta-a-la-catedral-de-mallorca-accio-de-gracies-beatificacio-lluis-belda\/","url":"https:\/\/www.bisbatdemallorca.org\/homilia-en-la-missa-de-pentecosta-a-la-catedral-de-mallorca-accio-de-gracies-beatificacio-lluis-belda\/","name":"Homilia en la Missa de Pentecosta a la Catedral de Mallorca - Acci\u00f3 de gr\u00e0cies beatificaci\u00f3 Llu\u00eds Belda","isPartOf":{"@id":"https:\/\/www.bisbatdemallorca.org\/ca\/#website"},"datePublished":"2017-06-04T00:00:00+00:00","breadcrumb":{"@id":"https:\/\/www.bisbatdemallorca.org\/homilia-en-la-missa-de-pentecosta-a-la-catedral-de-mallorca-accio-de-gracies-beatificacio-lluis-belda\/#breadcrumb"},"inLanguage":"ca","potentialAction":[{"@type":"ReadAction","target":["https:\/\/www.bisbatdemallorca.org\/homilia-en-la-missa-de-pentecosta-a-la-catedral-de-mallorca-accio-de-gracies-beatificacio-lluis-belda\/"]}]},{"@type":"BreadcrumbList","@id":"https:\/\/www.bisbatdemallorca.org\/homilia-en-la-missa-de-pentecosta-a-la-catedral-de-mallorca-accio-de-gracies-beatificacio-lluis-belda\/#breadcrumb","itemListElement":[{"@type":"ListItem","position":1,"name":"Portada","item":"https:\/\/www.bisbatdemallorca.org\/ca\/"},{"@type":"ListItem","position":2,"name":"Homilia en la Missa de Pentecosta a la Catedral de Mallorca &#8211; Acci\u00f3 de gr\u00e0cies beatificaci\u00f3 Llu\u00eds Belda"}]},{"@type":"WebSite","@id":"https:\/\/www.bisbatdemallorca.org\/ca\/#website","url":"https:\/\/www.bisbatdemallorca.org\/ca\/","name":"Bisbat de Mallorca","description":"Just another WordPress site","publisher":{"@id":"https:\/\/www.bisbatdemallorca.org\/ca\/#organization"},"potentialAction":[{"@type":"SearchAction","target":{"@type":"EntryPoint","urlTemplate":"https:\/\/www.bisbatdemallorca.org\/ca\/?s={search_term_string}"},"query-input":{"@type":"PropertyValueSpecification","valueRequired":true,"valueName":"search_term_string"}}],"inLanguage":"ca"},{"@type":"Organization","@id":"https:\/\/www.bisbatdemallorca.org\/ca\/#organization","name":"Bisbat De Mallorca","url":"https:\/\/www.bisbatdemallorca.org\/ca\/","logo":{"@type":"ImageObject","inLanguage":"ca","@id":"https:\/\/www.bisbatdemallorca.org\/ca\/#\/schema\/logo\/image\/","url":"https:\/\/bisbatdemallorca.org\/wp-content\/uploads\/2022\/04\/Logo_Bisbat-de-Mallorca-scaled.jpeg","contentUrl":"https:\/\/bisbatdemallorca.org\/wp-content\/uploads\/2022\/04\/Logo_Bisbat-de-Mallorca-scaled.jpeg","width":2560,"height":1810,"caption":"Bisbat De Mallorca"},"image":{"@id":"https:\/\/www.bisbatdemallorca.org\/ca\/#\/schema\/logo\/image\/"}},{"@type":"Person","@id":"https:\/\/www.bisbatdemallorca.org\/ca\/#\/schema\/person\/4aab9713229c738e4a763607fc0bd588","name":"admin","image":{"@type":"ImageObject","inLanguage":"ca","@id":"https:\/\/www.bisbatdemallorca.org\/ca\/#\/schema\/person\/image\/","url":"https:\/\/secure.gravatar.com\/avatar\/db14643139881ffd81e1296c9de82290e7857ed2bb4d40dbe42069dd80ef4774?s=96&d=mm&r=g","contentUrl":"https:\/\/secure.gravatar.com\/avatar\/db14643139881ffd81e1296c9de82290e7857ed2bb4d40dbe42069dd80ef4774?s=96&d=mm&r=g","caption":"admin"},"sameAs":["https:\/\/bisbatdemallorca.org"],"url":"https:\/\/www.bisbatdemallorca.org\/ca\/author\/departamentoweb_bzjy60os\/"}]}},"_links":{"self":[{"href":"https:\/\/www.bisbatdemallorca.org\/ca\/wp-json\/wp\/v2\/posts\/6601","targetHints":{"allow":["GET"]}}],"collection":[{"href":"https:\/\/www.bisbatdemallorca.org\/ca\/wp-json\/wp\/v2\/posts"}],"about":[{"href":"https:\/\/www.bisbatdemallorca.org\/ca\/wp-json\/wp\/v2\/types\/post"}],"author":[{"embeddable":true,"href":"https:\/\/www.bisbatdemallorca.org\/ca\/wp-json\/wp\/v2\/users\/1"}],"replies":[{"embeddable":true,"href":"https:\/\/www.bisbatdemallorca.org\/ca\/wp-json\/wp\/v2\/comments?post=6601"}],"version-history":[{"count":0,"href":"https:\/\/www.bisbatdemallorca.org\/ca\/wp-json\/wp\/v2\/posts\/6601\/revisions"}],"wp:attachment":[{"href":"https:\/\/www.bisbatdemallorca.org\/ca\/wp-json\/wp\/v2\/media?parent=6601"}],"wp:term":[{"taxonomy":"category","embeddable":true,"href":"https:\/\/www.bisbatdemallorca.org\/ca\/wp-json\/wp\/v2\/categories?post=6601"},{"taxonomy":"post_tag","embeddable":true,"href":"https:\/\/www.bisbatdemallorca.org\/ca\/wp-json\/wp\/v2\/tags?post=6601"}],"curies":[{"name":"wp","href":"https:\/\/api.w.org\/{rel}","templated":true}]}}