{"id":6750,"date":"2020-03-08T00:00:00","date_gmt":"2020-03-08T00:00:00","guid":{"rendered":"https:\/\/bisbatdemallorca.aplicacionesinteligentes.es\/la-visita-pastoral-una-ocasio-mes-de-renovacio-personal-i-eclesial\/"},"modified":"2020-03-08T00:00:00","modified_gmt":"2020-03-08T00:00:00","slug":"la-visita-pastoral-una-ocasio-mes-de-renovacio-personal-i-eclesial","status":"publish","type":"post","link":"https:\/\/www.bisbatdemallorca.org\/ca\/la-visita-pastoral-una-ocasio-mes-de-renovacio-personal-i-eclesial\/","title":{"rendered":"La Visita Pastoral, una ocasi\u00f3 m\u00e9s de renovaci\u00f3 personal i eclesial"},"content":{"rendered":"<p class=\"MsoNormal\" style=\"margin: 0cm 0cm 8pt; line-height: normal; font-size: 11pt; font-family: Calibri; text-align: center;\" align=\"center\"><strong><span lang=\"CA\" style=\"font-size: 14pt; font-family: \"Times New Roman\";\">&nbsp;<\/span><\/strong><\/p>\n<p class=\"MsoNormal\" style=\"margin: 0cm 0cm 8pt; line-height: normal; font-size: 11pt; font-family: Calibri; text-align: justify;\"><span lang=\"CA\" style=\"font-family: \"Times New Roman\";\">Comptant els tretze mesos que vaig servir aquesta di&ograve;cesi de Mallorca com a administrador apost&ograve;lic i afegint-t&rsquo;hi els dos anys i quatre mesos com a bisbe dioces&agrave;, aquest ha estat un temps que sempre agrair&eacute; al Senyor i a tots vosaltres, els diocesans, per tot el que hem anat fent junts com Esgl&eacute;sia i pensant en el b&eacute; que des d&rsquo;ella hem intentat fer a la nostra societat mallorquina. L&rsquo;Esgl&eacute;sia no existeix per a ella mateixa, sin&oacute; per al m&oacute;n i, si ens entusiasma la persona de Jes&uacute;s i l&rsquo;Evangeli, &eacute;s perqu&egrave; el volem donar a con&egrave;ixer i comunicar tot all&ograve; que ell va dir i fer.<\/span><\/p>\n<p class=\"MsoNormal\" style=\"margin: 0cm 0cm 8pt; line-height: normal; font-size: 11pt; font-family: Calibri; text-align: justify;\"><span lang=\"CA\" style=\"font-family: \"Times New Roman\";\">Encara que ens hi queda molt cam&iacute; per fer, durant aquest per&iacute;ode de temps ens hem conegut i he fet tot el possible per accedir a totes les peticions de pres&egrave;ncia a les respectives parr&ograve;quies, comunitats, grups i entitats tant religioses com del m&oacute;n secular, com tamb&eacute; ha estat aix&iacute; la diversitat de contactes que han estat ocasi&oacute; de celebraci&oacute;, de preg&agrave;ria, de compartir inquietuds, &agrave;pats, vida de fam&iacute;lia i entitats ciutadanes. Sempre he cregut en la pastoral de proximitat i tocar la realitat amb els peus ben a terra, con&egrave;ixer com es viu i qu&egrave; passa a cada lloc.<\/span><\/p>\n<p class=\"MsoNormal\" style=\"margin: 0cm 0cm 8pt; line-height: normal; font-size: 11pt; font-family: Calibri; text-align: justify;\"><span lang=\"CA\" style=\"font-family: \"Times New Roman\";\">Per tots aquests motius i molts m&eacute;s, he escrit la Carta pastoral <em>Batiats, confirmats i enviats<\/em> per a compartir una mateixa reflexi&oacute; que ens dugui a analitzar el moment present que estam vivint i animar-nos per damunt de tota dificultat i des&agrave;nim. El contingut de la Carta pastoral i afegint-hi les vostres aportacions m&eacute;s la vida real de cada parr&ograve;quia, arxiprestat, unitat pastoral, centres educatius, fam&iacute;lies i institucions ciutadanes, com tamb&eacute; tot el que m&rsquo;envieu personalment, tot aix&ograve; acompanyar&agrave; el que anomenam la &ldquo;Visita pastoral&rdquo; que el bisbe fa de forma directa a cada un d&rsquo;aquests llocs esmentats.<\/span><\/p>\n<p class=\"MsoNormal\" style=\"margin: 0cm 0cm 8pt; line-height: normal; font-size: 11pt; font-family: Calibri; text-align: justify;\"><span lang=\"CA\" style=\"font-family: \"Times New Roman\";\">La &ldquo;Visita pastoral&rdquo; vol ser una oportunitat perqu&egrave; el bisbe, com a Pastor de l&rsquo;Esgl&eacute;sia de Mallorca, pugui con&egrave;ixer tota la realitat de m&eacute;s a prop, estant al costat dels capellans i diaques en la seva feina di&agrave;ria i compartint-la, al costat de les comunitats de vida consagrada, tant mon&agrave;stica com de vida activa, al costat de tot el que existeix a cada parr&ograve;quia i de les persones que hi treballen, especialment apropant-se als m&eacute;s febles, als malalts i tota persona de bona voluntat&#8230; Hem de fer que aquesta relaci&oacute; humana esdevingui expressi&oacute; de la vida de fraternitat que ha de caracteritzar sempre l&rsquo;Esgl&eacute;sia.<\/span><\/p>\n<p class=\"MsoNormal\" style=\"margin: 0cm 0cm 8pt; line-height: normal; font-size: 11pt; font-family: Calibri; text-align: justify;\"><span lang=\"CA\" style=\"font-family: \"Times New Roman\";\">En tant que sigui possible, vull que la visita tamb&eacute; es convertesqui en estada que faci possible la conviv&egrave;ncia directa a cada lloc. Al mateix temps, la &ldquo;Visita Pastoral&rdquo; &eacute;s una ocasi&oacute; de renovaci&oacute; interna de les comunitats, tant en els aspectes institucionals com personals, ocasi&oacute; de represa de noves realitats que avui hem d&rsquo;introduir per fer de la nostra Esgl&eacute;sia una <em>Esgl&eacute;sia en sortida<\/em>, que sigui valenta i no tengui por, que puguin dir d&rsquo;ella pels qui la formam &ldquo;mirau com s&rsquo;estimen&rdquo;, que tengui les prefer&egrave;ncies de Jes&uacute;s i respongui a la realitat del m&oacute;n d&rsquo;avui que espera resposta a tantes preguntes que tothom es fa. Estam en un moment fascinant perqu&egrave; l&rsquo;Evangeli arreli b&eacute; a la nostra terra i produesqui els fruits que D&eacute;u espera de la nostra sembra.<\/span><\/p>\n","protected":false},"excerpt":{"rendered":"<p>&nbsp; Comptant els tretze mesos que vaig servir aquesta di&ograve;cesi  [&#8230;]<\/p>\n","protected":false},"author":1,"featured_media":0,"comment_status":"open","ping_status":"open","sticky":false,"template":"","format":"standard","meta":{"footnotes":""},"categories":[39],"tags":[],"class_list":["post-6750","post","type-post","status-publish","format-standard","hentry","category-articles-del-bisbe"],"yoast_head":"<!-- This site is optimized with the Yoast SEO plugin v27.0 - https:\/\/yoast.com\/product\/yoast-seo-wordpress\/ -->\n<title>La Visita Pastoral, una ocasi\u00f3 m\u00e9s de renovaci\u00f3 personal i eclesial<\/title>\n<meta name=\"robots\" content=\"index, follow, max-snippet:-1, max-image-preview:large, max-video-preview:-1\" \/>\n<link rel=\"canonical\" href=\"https:\/\/www.bisbatdemallorca.org\/ca\/la-visita-pastoral-una-ocasio-mes-de-renovacio-personal-i-eclesial\/\" \/>\n<meta property=\"og:locale\" content=\"ca_ES\" \/>\n<meta property=\"og:locale:alternate\" content=\"en_US\" \/>\n<meta property=\"og:locale:alternate\" content=\"es_ES\" \/>\n<meta property=\"og:type\" content=\"article\" \/>\n<meta property=\"og:title\" content=\"La Visita Pastoral, una ocasi\u00f3 m\u00e9s de renovaci\u00f3 personal i eclesial\" \/>\n<meta property=\"og:description\" content=\"&nbsp; Comptant els tretze mesos que vaig servir aquesta di&ograve;cesi [...]\" \/>\n<meta property=\"og:url\" content=\"https:\/\/www.bisbatdemallorca.org\/ca\/la-visita-pastoral-una-ocasio-mes-de-renovacio-personal-i-eclesial\/\" \/>\n<meta property=\"og:site_name\" content=\"Bisbat de Mallorca\" \/>\n<meta property=\"article:published_time\" content=\"2020-03-08T00:00:00+00:00\" \/>\n<meta name=\"author\" content=\"admin\" \/>\n<meta name=\"twitter:card\" content=\"summary_large_image\" \/>\n<meta name=\"twitter:label1\" content=\"Escrit per\" \/>\n\t<meta name=\"twitter:data1\" content=\"admin\" \/>\n\t<meta name=\"twitter:label2\" content=\"Temps estimat de lectura\" \/>\n\t<meta name=\"twitter:data2\" content=\"3 minuts\" \/>\n<script type=\"application\/ld+json\" class=\"yoast-schema-graph\">{\"@context\":\"https:\/\/schema.org\",\"@graph\":[{\"@type\":\"Article\",\"@id\":\"https:\/\/www.bisbatdemallorca.org\/la-visita-pastoral-una-ocasio-mes-de-renovacio-personal-i-eclesial\/#article\",\"isPartOf\":{\"@id\":\"https:\/\/www.bisbatdemallorca.org\/la-visita-pastoral-una-ocasio-mes-de-renovacio-personal-i-eclesial\/\"},\"author\":{\"name\":\"admin\",\"@id\":\"https:\/\/www.bisbatdemallorca.org\/ca\/#\/schema\/person\/4aab9713229c738e4a763607fc0bd588\"},\"headline\":\"La Visita Pastoral, una ocasi\u00f3 m\u00e9s de renovaci\u00f3 personal i eclesial\",\"datePublished\":\"2020-03-08T00:00:00+00:00\",\"mainEntityOfPage\":{\"@id\":\"https:\/\/www.bisbatdemallorca.org\/la-visita-pastoral-una-ocasio-mes-de-renovacio-personal-i-eclesial\/\"},\"wordCount\":685,\"commentCount\":0,\"publisher\":{\"@id\":\"https:\/\/www.bisbatdemallorca.org\/ca\/#organization\"},\"articleSection\":[\"Articles del Bisbe\"],\"inLanguage\":\"ca\",\"potentialAction\":[{\"@type\":\"CommentAction\",\"name\":\"Comment\",\"target\":[\"https:\/\/www.bisbatdemallorca.org\/la-visita-pastoral-una-ocasio-mes-de-renovacio-personal-i-eclesial\/#respond\"]}]},{\"@type\":\"WebPage\",\"@id\":\"https:\/\/www.bisbatdemallorca.org\/la-visita-pastoral-una-ocasio-mes-de-renovacio-personal-i-eclesial\/\",\"url\":\"https:\/\/www.bisbatdemallorca.org\/la-visita-pastoral-una-ocasio-mes-de-renovacio-personal-i-eclesial\/\",\"name\":\"La Visita Pastoral, una ocasi\u00f3 m\u00e9s de renovaci\u00f3 personal i eclesial\",\"isPartOf\":{\"@id\":\"https:\/\/www.bisbatdemallorca.org\/ca\/#website\"},\"datePublished\":\"2020-03-08T00:00:00+00:00\",\"breadcrumb\":{\"@id\":\"https:\/\/www.bisbatdemallorca.org\/la-visita-pastoral-una-ocasio-mes-de-renovacio-personal-i-eclesial\/#breadcrumb\"},\"inLanguage\":\"ca\",\"potentialAction\":[{\"@type\":\"ReadAction\",\"target\":[\"https:\/\/www.bisbatdemallorca.org\/la-visita-pastoral-una-ocasio-mes-de-renovacio-personal-i-eclesial\/\"]}]},{\"@type\":\"BreadcrumbList\",\"@id\":\"https:\/\/www.bisbatdemallorca.org\/la-visita-pastoral-una-ocasio-mes-de-renovacio-personal-i-eclesial\/#breadcrumb\",\"itemListElement\":[{\"@type\":\"ListItem\",\"position\":1,\"name\":\"Portada\",\"item\":\"https:\/\/www.bisbatdemallorca.org\/ca\/\"},{\"@type\":\"ListItem\",\"position\":2,\"name\":\"La Visita Pastoral, una ocasi\u00f3 m\u00e9s de renovaci\u00f3 personal i eclesial\"}]},{\"@type\":\"WebSite\",\"@id\":\"https:\/\/www.bisbatdemallorca.org\/ca\/#website\",\"url\":\"https:\/\/www.bisbatdemallorca.org\/ca\/\",\"name\":\"Bisbat de Mallorca\",\"description\":\"Just another WordPress site\",\"publisher\":{\"@id\":\"https:\/\/www.bisbatdemallorca.org\/ca\/#organization\"},\"potentialAction\":[{\"@type\":\"SearchAction\",\"target\":{\"@type\":\"EntryPoint\",\"urlTemplate\":\"https:\/\/www.bisbatdemallorca.org\/ca\/?s={search_term_string}\"},\"query-input\":{\"@type\":\"PropertyValueSpecification\",\"valueRequired\":true,\"valueName\":\"search_term_string\"}}],\"inLanguage\":\"ca\"},{\"@type\":\"Organization\",\"@id\":\"https:\/\/www.bisbatdemallorca.org\/ca\/#organization\",\"name\":\"Bisbat De Mallorca\",\"url\":\"https:\/\/www.bisbatdemallorca.org\/ca\/\",\"logo\":{\"@type\":\"ImageObject\",\"inLanguage\":\"ca\",\"@id\":\"https:\/\/www.bisbatdemallorca.org\/ca\/#\/schema\/logo\/image\/\",\"url\":\"https:\/\/bisbatdemallorca.org\/wp-content\/uploads\/2022\/04\/Logo_Bisbat-de-Mallorca-scaled.jpeg\",\"contentUrl\":\"https:\/\/bisbatdemallorca.org\/wp-content\/uploads\/2022\/04\/Logo_Bisbat-de-Mallorca-scaled.jpeg\",\"width\":2560,\"height\":1810,\"caption\":\"Bisbat De Mallorca\"},\"image\":{\"@id\":\"https:\/\/www.bisbatdemallorca.org\/ca\/#\/schema\/logo\/image\/\"}},{\"@type\":\"Person\",\"@id\":\"https:\/\/www.bisbatdemallorca.org\/ca\/#\/schema\/person\/4aab9713229c738e4a763607fc0bd588\",\"name\":\"admin\",\"image\":{\"@type\":\"ImageObject\",\"inLanguage\":\"ca\",\"@id\":\"https:\/\/www.bisbatdemallorca.org\/ca\/#\/schema\/person\/image\/\",\"url\":\"https:\/\/secure.gravatar.com\/avatar\/db14643139881ffd81e1296c9de82290e7857ed2bb4d40dbe42069dd80ef4774?s=96&d=mm&r=g\",\"contentUrl\":\"https:\/\/secure.gravatar.com\/avatar\/db14643139881ffd81e1296c9de82290e7857ed2bb4d40dbe42069dd80ef4774?s=96&d=mm&r=g\",\"caption\":\"admin\"},\"sameAs\":[\"https:\/\/bisbatdemallorca.org\"],\"url\":\"https:\/\/www.bisbatdemallorca.org\/ca\/author\/departamentoweb_bzjy60os\/\"}]}<\/script>\n<!-- \/ Yoast SEO plugin. -->","yoast_head_json":{"title":"La Visita Pastoral, una ocasi\u00f3 m\u00e9s de renovaci\u00f3 personal i eclesial","robots":{"index":"index","follow":"follow","max-snippet":"max-snippet:-1","max-image-preview":"max-image-preview:large","max-video-preview":"max-video-preview:-1"},"canonical":"https:\/\/www.bisbatdemallorca.org\/ca\/la-visita-pastoral-una-ocasio-mes-de-renovacio-personal-i-eclesial\/","og_locale":"ca_ES","og_type":"article","og_title":"[:es]La Visita Pastoral, una ocasi\u00f3 m\u00e9s de renovaci\u00f3 personal i eclesial[:] - Bisbat de Mallorca","og_description":"&nbsp; Comptant els tretze mesos que vaig servir aquesta di&ograve;cesi [...]","og_url":"https:\/\/www.bisbatdemallorca.org\/ca\/la-visita-pastoral-una-ocasio-mes-de-renovacio-personal-i-eclesial\/","og_site_name":"Bisbat de Mallorca","article_published_time":"2020-03-08T00:00:00+00:00","author":"admin","twitter_card":"summary_large_image","twitter_misc":{"Escrit per":"admin","Temps estimat de lectura":"3 minuts"},"schema":{"@context":"https:\/\/schema.org","@graph":[{"@type":"Article","@id":"https:\/\/www.bisbatdemallorca.org\/la-visita-pastoral-una-ocasio-mes-de-renovacio-personal-i-eclesial\/#article","isPartOf":{"@id":"https:\/\/www.bisbatdemallorca.org\/la-visita-pastoral-una-ocasio-mes-de-renovacio-personal-i-eclesial\/"},"author":{"name":"admin","@id":"https:\/\/www.bisbatdemallorca.org\/ca\/#\/schema\/person\/4aab9713229c738e4a763607fc0bd588"},"headline":"La Visita Pastoral, una ocasi\u00f3 m\u00e9s de renovaci\u00f3 personal i eclesial","datePublished":"2020-03-08T00:00:00+00:00","mainEntityOfPage":{"@id":"https:\/\/www.bisbatdemallorca.org\/la-visita-pastoral-una-ocasio-mes-de-renovacio-personal-i-eclesial\/"},"wordCount":685,"commentCount":0,"publisher":{"@id":"https:\/\/www.bisbatdemallorca.org\/ca\/#organization"},"articleSection":["Articles del Bisbe"],"inLanguage":"ca","potentialAction":[{"@type":"CommentAction","name":"Comment","target":["https:\/\/www.bisbatdemallorca.org\/la-visita-pastoral-una-ocasio-mes-de-renovacio-personal-i-eclesial\/#respond"]}]},{"@type":"WebPage","@id":"https:\/\/www.bisbatdemallorca.org\/la-visita-pastoral-una-ocasio-mes-de-renovacio-personal-i-eclesial\/","url":"https:\/\/www.bisbatdemallorca.org\/la-visita-pastoral-una-ocasio-mes-de-renovacio-personal-i-eclesial\/","name":"La Visita Pastoral, una ocasi\u00f3 m\u00e9s de renovaci\u00f3 personal i eclesial","isPartOf":{"@id":"https:\/\/www.bisbatdemallorca.org\/ca\/#website"},"datePublished":"2020-03-08T00:00:00+00:00","breadcrumb":{"@id":"https:\/\/www.bisbatdemallorca.org\/la-visita-pastoral-una-ocasio-mes-de-renovacio-personal-i-eclesial\/#breadcrumb"},"inLanguage":"ca","potentialAction":[{"@type":"ReadAction","target":["https:\/\/www.bisbatdemallorca.org\/la-visita-pastoral-una-ocasio-mes-de-renovacio-personal-i-eclesial\/"]}]},{"@type":"BreadcrumbList","@id":"https:\/\/www.bisbatdemallorca.org\/la-visita-pastoral-una-ocasio-mes-de-renovacio-personal-i-eclesial\/#breadcrumb","itemListElement":[{"@type":"ListItem","position":1,"name":"Portada","item":"https:\/\/www.bisbatdemallorca.org\/ca\/"},{"@type":"ListItem","position":2,"name":"La Visita Pastoral, una ocasi\u00f3 m\u00e9s de renovaci\u00f3 personal i eclesial"}]},{"@type":"WebSite","@id":"https:\/\/www.bisbatdemallorca.org\/ca\/#website","url":"https:\/\/www.bisbatdemallorca.org\/ca\/","name":"Bisbat de Mallorca","description":"Just another WordPress site","publisher":{"@id":"https:\/\/www.bisbatdemallorca.org\/ca\/#organization"},"potentialAction":[{"@type":"SearchAction","target":{"@type":"EntryPoint","urlTemplate":"https:\/\/www.bisbatdemallorca.org\/ca\/?s={search_term_string}"},"query-input":{"@type":"PropertyValueSpecification","valueRequired":true,"valueName":"search_term_string"}}],"inLanguage":"ca"},{"@type":"Organization","@id":"https:\/\/www.bisbatdemallorca.org\/ca\/#organization","name":"Bisbat De Mallorca","url":"https:\/\/www.bisbatdemallorca.org\/ca\/","logo":{"@type":"ImageObject","inLanguage":"ca","@id":"https:\/\/www.bisbatdemallorca.org\/ca\/#\/schema\/logo\/image\/","url":"https:\/\/bisbatdemallorca.org\/wp-content\/uploads\/2022\/04\/Logo_Bisbat-de-Mallorca-scaled.jpeg","contentUrl":"https:\/\/bisbatdemallorca.org\/wp-content\/uploads\/2022\/04\/Logo_Bisbat-de-Mallorca-scaled.jpeg","width":2560,"height":1810,"caption":"Bisbat De Mallorca"},"image":{"@id":"https:\/\/www.bisbatdemallorca.org\/ca\/#\/schema\/logo\/image\/"}},{"@type":"Person","@id":"https:\/\/www.bisbatdemallorca.org\/ca\/#\/schema\/person\/4aab9713229c738e4a763607fc0bd588","name":"admin","image":{"@type":"ImageObject","inLanguage":"ca","@id":"https:\/\/www.bisbatdemallorca.org\/ca\/#\/schema\/person\/image\/","url":"https:\/\/secure.gravatar.com\/avatar\/db14643139881ffd81e1296c9de82290e7857ed2bb4d40dbe42069dd80ef4774?s=96&d=mm&r=g","contentUrl":"https:\/\/secure.gravatar.com\/avatar\/db14643139881ffd81e1296c9de82290e7857ed2bb4d40dbe42069dd80ef4774?s=96&d=mm&r=g","caption":"admin"},"sameAs":["https:\/\/bisbatdemallorca.org"],"url":"https:\/\/www.bisbatdemallorca.org\/ca\/author\/departamentoweb_bzjy60os\/"}]}},"_links":{"self":[{"href":"https:\/\/www.bisbatdemallorca.org\/ca\/wp-json\/wp\/v2\/posts\/6750","targetHints":{"allow":["GET"]}}],"collection":[{"href":"https:\/\/www.bisbatdemallorca.org\/ca\/wp-json\/wp\/v2\/posts"}],"about":[{"href":"https:\/\/www.bisbatdemallorca.org\/ca\/wp-json\/wp\/v2\/types\/post"}],"author":[{"embeddable":true,"href":"https:\/\/www.bisbatdemallorca.org\/ca\/wp-json\/wp\/v2\/users\/1"}],"replies":[{"embeddable":true,"href":"https:\/\/www.bisbatdemallorca.org\/ca\/wp-json\/wp\/v2\/comments?post=6750"}],"version-history":[{"count":0,"href":"https:\/\/www.bisbatdemallorca.org\/ca\/wp-json\/wp\/v2\/posts\/6750\/revisions"}],"wp:attachment":[{"href":"https:\/\/www.bisbatdemallorca.org\/ca\/wp-json\/wp\/v2\/media?parent=6750"}],"wp:term":[{"taxonomy":"category","embeddable":true,"href":"https:\/\/www.bisbatdemallorca.org\/ca\/wp-json\/wp\/v2\/categories?post=6750"},{"taxonomy":"post_tag","embeddable":true,"href":"https:\/\/www.bisbatdemallorca.org\/ca\/wp-json\/wp\/v2\/tags?post=6750"}],"curies":[{"name":"wp","href":"https:\/\/api.w.org\/{rel}","templated":true}]}}