{"id":9045,"date":"2022-08-16T17:12:53","date_gmt":"2022-08-16T17:12:53","guid":{"rendered":"https:\/\/www.bisbatdemallorca.org\/ca\/?p=9045"},"modified":"2022-08-16T17:15:56","modified_gmt":"2022-08-16T17:15:56","slug":"les-esglesies-de-mallorca-exhibeixen-els-llits-de-la-mare-de-deu-amb-motiu-de-la-festivitat-de-lassumpcio","status":"publish","type":"post","link":"https:\/\/www.bisbatdemallorca.org\/ca\/les-esglesies-de-mallorca-exhibeixen-els-llits-de-la-mare-de-deu-amb-motiu-de-la-festivitat-de-lassumpcio\/","title":{"rendered":"Les esgl\u00e9sies de Mallorca exhibeixen els Llits de la Mare de D\u00e9u amb motiu de la festivitat de l&#8217;Assumpci\u00f3"},"content":{"rendered":"<p>La festa de l&#8217;Assumpci\u00f3 de la Mare de D\u00e9u congrega aquests dies a centenars de fidels que acudeixen a la tradicional cita amb la Mare de D\u00e9u Morta. La celebraci\u00f3 \u00e9s la creen\u00e7a segons la qual la mare de Jes\u00fas va ser elevada en cos i \u00e0nima al cel en finalitzar la seva vida terrenal. La tradici\u00f3 a Mallorca es va iniciar en el segle XIV, representant la vetlla de la Verge abans de la seva pujada al cel per a ser coronada com Maria regna. L&#8217;exposici\u00f3 \u00e9s l&#8217;acte principal de la jornada festiva, al costat d&#8217;altres devocions que s&#8217;organitzen durant tot el dia, com a processons i novenes.<\/p>\n<p>Enguany hi ha a Palma 17 temples que ofereixen els seus muntatges entre les quals s&#8217;inclouen la Catedral de Mallorca, Esgl\u00e9sia de la Immaculada Concepci\u00f3 (Establiments), Esgl\u00e9sia de la Immaculada Concepci\u00f3 (Sant Mag\u00ed), Esgl\u00e9sia de la Immaculada Concepci\u00f3 (S\u00f3n Sardina), Esgl\u00e9sia de la Mare de D\u00e9u de la Merc\u00e8, Esgl\u00e9sia de la Mare de D\u00e9u dels Socors, Esgl\u00e9sia de la Pur\u00edssima Concepci\u00f3 (la Vileta), Esgl\u00e9sia de Sant Agust\u00ed (Sant Agust\u00ed), Esgl\u00e9sia de Sant Francesc, Esgl\u00e9sia de Sant Jaume, Esgl\u00e9sia de Sant Jordi, Esgl\u00e9sia de Sant Miquel, Esgl\u00e9sia de Sant Nicolau, Esgl\u00e9sia de Santa Creu, Esgl\u00e9sia de Santa Eul\u00e0lia, Esgl\u00e9sia del Monestir de la Pur\u00edssima Concepci\u00f3 i Esgl\u00e9sia del Monestir de Santa Clara.<\/p>\n<p>En la Part Forana s\u00f3n 49. Les esgl\u00e9sies mostren diversos tipus de llits i catafalcos que es van adaptar segons l&#8217;estil art\u00edstic de l&#8217;\u00e8poca. Des de l&#8217;art g\u00f2tic fins al neocl\u00e0ssic, passant pel barroc. Coincidint amb la festivitat es presentaran diverses de les restauracions dutes a terme pel taller del Bisbat de Mallorca, com la instal\u00b7laci\u00f3 Verge misteriosa de Rafael Mahdavi a l&#8217;esgl\u00e9sia dels Sagrats Cors, la figura de la Verge jacent de l&#8217;esgl\u00e9sia parroquial de Llucmajor o Verge jacent del convent de Sant Vicen\u00e7 Ferrer, de Manacor.<\/p>\n<p>Es tracta d&#8217;una iniciativa que van posar en marxa en 2010 el Consell i el Bisbat de Mallorca per a la difusi\u00f3 dels monuments en honor a la Verge d&#8217;agost. Aquest projecte va de la ma\u00a0d&#8217;una plataforma digital per a facilitar l&#8217;acc\u00e9s a aquestes obres, consultar els seus horaris de visita, ubicacions i la seva hist\u00f2ria. Aix\u00ed, la web compta amb un programa cultural m\u00e9s ampli que altres anys i productes multim\u00e8dia sobre aquestes representacions escult\u00f2riques del Tr\u00e0nsit de Mar\u00eda, documents per descarregar, entre els quals es troba la primera traducci\u00f3 al catal\u00e0 del text \u00edntegre del dogma de l&#8217;Asunci\u00f3n del papa Pius XII, i v\u00eddeos.<\/p>\n","protected":false},"excerpt":{"rendered":"<p>La festa de l&#8217;Assumpci\u00f3 de la Mare de D\u00e9u congrega  [&#8230;]<\/p>\n","protected":false},"author":2,"featured_media":9046,"comment_status":"open","ping_status":"open","sticky":false,"template":"","format":"standard","meta":{"footnotes":""},"categories":[16],"tags":[],"class_list":["post-9045","post","type-post","status-publish","format-standard","has-post-thumbnail","hentry","category-agencia-baleria"],"yoast_head":"<!-- This site is optimized with the Yoast SEO plugin v27.0 - https:\/\/yoast.com\/product\/yoast-seo-wordpress\/ -->\n<title>Les esgl\u00e9sies de Mallorca exhibeixen els Llits de la Mare de D\u00e9u amb motiu de la festivitat de l&#039;Assumpci\u00f3<\/title>\n<meta name=\"robots\" content=\"index, follow, max-snippet:-1, max-image-preview:large, max-video-preview:-1\" \/>\n<link rel=\"canonical\" href=\"https:\/\/www.bisbatdemallorca.org\/ca\/les-esglesies-de-mallorca-exhibeixen-els-llits-de-la-mare-de-deu-amb-motiu-de-la-festivitat-de-lassumpcio\/\" \/>\n<meta property=\"og:locale\" content=\"ca_ES\" \/>\n<meta property=\"og:locale:alternate\" content=\"en_US\" \/>\n<meta property=\"og:locale:alternate\" content=\"es_ES\" \/>\n<meta property=\"og:type\" content=\"article\" \/>\n<meta property=\"og:title\" content=\"Les esgl\u00e9sies de Mallorca exhibeixen els Llits de la Mare de D\u00e9u amb motiu de la festivitat de l&#039;Assumpci\u00f3\" \/>\n<meta property=\"og:description\" content=\"La festa de l&#8217;Assumpci\u00f3 de la Mare de D\u00e9u congrega [...]\" \/>\n<meta property=\"og:url\" content=\"https:\/\/www.bisbatdemallorca.org\/ca\/les-esglesies-de-mallorca-exhibeixen-els-llits-de-la-mare-de-deu-amb-motiu-de-la-festivitat-de-lassumpcio\/\" \/>\n<meta property=\"og:site_name\" content=\"Bisbat de Mallorca\" \/>\n<meta property=\"article:published_time\" content=\"2022-08-16T17:12:53+00:00\" \/>\n<meta property=\"article:modified_time\" content=\"2022-08-16T17:15:56+00:00\" \/>\n<meta property=\"og:image\" content=\"https:\/\/www.bisbatdemallorca.org\/wp-content\/uploads\/2022\/08\/PHOTO-2022-08-16-18-49-44.jpg\" \/>\n\t<meta property=\"og:image:width\" content=\"1200\" \/>\n\t<meta property=\"og:image:height\" content=\"800\" \/>\n\t<meta property=\"og:image:type\" content=\"image\/jpeg\" \/>\n<meta name=\"author\" content=\"Administraci\u00f3 Bisbat de Mallorca\" \/>\n<meta name=\"twitter:card\" content=\"summary_large_image\" \/>\n<meta name=\"twitter:label1\" content=\"Escrit per\" \/>\n\t<meta name=\"twitter:data1\" content=\"Administraci\u00f3 Bisbat de Mallorca\" \/>\n\t<meta name=\"twitter:label2\" content=\"Temps estimat de lectura\" \/>\n\t<meta name=\"twitter:data2\" content=\"5 minuts\" \/>\n<script type=\"application\/ld+json\" class=\"yoast-schema-graph\">{\"@context\":\"https:\/\/schema.org\",\"@graph\":[{\"@type\":\"Article\",\"@id\":\"https:\/\/www.bisbatdemallorca.org\/les-esglesies-de-mallorca-exhibeixen-els-llits-de-la-mare-de-deu-amb-motiu-de-la-festivitat-de-lassumpcio\/#article\",\"isPartOf\":{\"@id\":\"https:\/\/www.bisbatdemallorca.org\/les-esglesies-de-mallorca-exhibeixen-els-llits-de-la-mare-de-deu-amb-motiu-de-la-festivitat-de-lassumpcio\/\"},\"author\":{\"name\":\"Administraci\u00f3 Bisbat de Mallorca\",\"@id\":\"https:\/\/www.bisbatdemallorca.org\/ca\/#\/schema\/person\/9d198fedaef82cec34c41260a51964a6\"},\"headline\":\"Les esgl\u00e9sies de Mallorca exhibeixen els Llits de la Mare de D\u00e9u amb motiu de la festivitat de l&#8217;Assumpci\u00f3\",\"datePublished\":\"2022-08-16T17:12:53+00:00\",\"dateModified\":\"2022-08-16T17:15:56+00:00\",\"mainEntityOfPage\":{\"@id\":\"https:\/\/www.bisbatdemallorca.org\/les-esglesies-de-mallorca-exhibeixen-els-llits-de-la-mare-de-deu-amb-motiu-de-la-festivitat-de-lassumpcio\/\"},\"wordCount\":972,\"commentCount\":0,\"publisher\":{\"@id\":\"https:\/\/www.bisbatdemallorca.org\/ca\/#organization\"},\"image\":{\"@id\":\"https:\/\/www.bisbatdemallorca.org\/les-esglesies-de-mallorca-exhibeixen-els-llits-de-la-mare-de-deu-amb-motiu-de-la-festivitat-de-lassumpcio\/#primaryimage\"},\"thumbnailUrl\":\"https:\/\/www.bisbatdemallorca.org\/wp-content\/uploads\/2022\/08\/PHOTO-2022-08-16-18-49-44.jpg\",\"articleSection\":[\"Agencia Bal\u00e8ria\"],\"inLanguage\":\"ca\",\"potentialAction\":[{\"@type\":\"CommentAction\",\"name\":\"Comment\",\"target\":[\"https:\/\/www.bisbatdemallorca.org\/les-esglesies-de-mallorca-exhibeixen-els-llits-de-la-mare-de-deu-amb-motiu-de-la-festivitat-de-lassumpcio\/#respond\"]}]},{\"@type\":\"WebPage\",\"@id\":\"https:\/\/www.bisbatdemallorca.org\/les-esglesies-de-mallorca-exhibeixen-els-llits-de-la-mare-de-deu-amb-motiu-de-la-festivitat-de-lassumpcio\/\",\"url\":\"https:\/\/www.bisbatdemallorca.org\/les-esglesies-de-mallorca-exhibeixen-els-llits-de-la-mare-de-deu-amb-motiu-de-la-festivitat-de-lassumpcio\/\",\"name\":\"Les esgl\u00e9sies de Mallorca exhibeixen els Llits de la Mare de D\u00e9u amb motiu de la festivitat de l'Assumpci\u00f3\",\"isPartOf\":{\"@id\":\"https:\/\/www.bisbatdemallorca.org\/ca\/#website\"},\"primaryImageOfPage\":{\"@id\":\"https:\/\/www.bisbatdemallorca.org\/les-esglesies-de-mallorca-exhibeixen-els-llits-de-la-mare-de-deu-amb-motiu-de-la-festivitat-de-lassumpcio\/#primaryimage\"},\"image\":{\"@id\":\"https:\/\/www.bisbatdemallorca.org\/les-esglesies-de-mallorca-exhibeixen-els-llits-de-la-mare-de-deu-amb-motiu-de-la-festivitat-de-lassumpcio\/#primaryimage\"},\"thumbnailUrl\":\"https:\/\/www.bisbatdemallorca.org\/wp-content\/uploads\/2022\/08\/PHOTO-2022-08-16-18-49-44.jpg\",\"datePublished\":\"2022-08-16T17:12:53+00:00\",\"dateModified\":\"2022-08-16T17:15:56+00:00\",\"breadcrumb\":{\"@id\":\"https:\/\/www.bisbatdemallorca.org\/les-esglesies-de-mallorca-exhibeixen-els-llits-de-la-mare-de-deu-amb-motiu-de-la-festivitat-de-lassumpcio\/#breadcrumb\"},\"inLanguage\":\"ca\",\"potentialAction\":[{\"@type\":\"ReadAction\",\"target\":[\"https:\/\/www.bisbatdemallorca.org\/les-esglesies-de-mallorca-exhibeixen-els-llits-de-la-mare-de-deu-amb-motiu-de-la-festivitat-de-lassumpcio\/\"]}]},{\"@type\":\"ImageObject\",\"inLanguage\":\"ca\",\"@id\":\"https:\/\/www.bisbatdemallorca.org\/les-esglesies-de-mallorca-exhibeixen-els-llits-de-la-mare-de-deu-amb-motiu-de-la-festivitat-de-lassumpcio\/#primaryimage\",\"url\":\"https:\/\/www.bisbatdemallorca.org\/wp-content\/uploads\/2022\/08\/PHOTO-2022-08-16-18-49-44.jpg\",\"contentUrl\":\"https:\/\/www.bisbatdemallorca.org\/wp-content\/uploads\/2022\/08\/PHOTO-2022-08-16-18-49-44.jpg\",\"width\":1200,\"height\":800},{\"@type\":\"BreadcrumbList\",\"@id\":\"https:\/\/www.bisbatdemallorca.org\/les-esglesies-de-mallorca-exhibeixen-els-llits-de-la-mare-de-deu-amb-motiu-de-la-festivitat-de-lassumpcio\/#breadcrumb\",\"itemListElement\":[{\"@type\":\"ListItem\",\"position\":1,\"name\":\"Portada\",\"item\":\"https:\/\/www.bisbatdemallorca.org\/ca\/\"},{\"@type\":\"ListItem\",\"position\":2,\"name\":\"Las iglesias de Mallorca exhiben los &#8216;llits&#8217; de la Mare de D\u00e9u con motivo de la festividad de la Asunci\u00f3n\"}]},{\"@type\":\"WebSite\",\"@id\":\"https:\/\/www.bisbatdemallorca.org\/ca\/#website\",\"url\":\"https:\/\/www.bisbatdemallorca.org\/ca\/\",\"name\":\"Bisbat de Mallorca\",\"description\":\"Just another WordPress site\",\"publisher\":{\"@id\":\"https:\/\/www.bisbatdemallorca.org\/ca\/#organization\"},\"potentialAction\":[{\"@type\":\"SearchAction\",\"target\":{\"@type\":\"EntryPoint\",\"urlTemplate\":\"https:\/\/www.bisbatdemallorca.org\/ca\/?s={search_term_string}\"},\"query-input\":{\"@type\":\"PropertyValueSpecification\",\"valueRequired\":true,\"valueName\":\"search_term_string\"}}],\"inLanguage\":\"ca\"},{\"@type\":\"Organization\",\"@id\":\"https:\/\/www.bisbatdemallorca.org\/ca\/#organization\",\"name\":\"Bisbat De Mallorca\",\"url\":\"https:\/\/www.bisbatdemallorca.org\/ca\/\",\"logo\":{\"@type\":\"ImageObject\",\"inLanguage\":\"ca\",\"@id\":\"https:\/\/www.bisbatdemallorca.org\/ca\/#\/schema\/logo\/image\/\",\"url\":\"https:\/\/bisbatdemallorca.org\/wp-content\/uploads\/2022\/04\/Logo_Bisbat-de-Mallorca-scaled.jpeg\",\"contentUrl\":\"https:\/\/bisbatdemallorca.org\/wp-content\/uploads\/2022\/04\/Logo_Bisbat-de-Mallorca-scaled.jpeg\",\"width\":2560,\"height\":1810,\"caption\":\"Bisbat De Mallorca\"},\"image\":{\"@id\":\"https:\/\/www.bisbatdemallorca.org\/ca\/#\/schema\/logo\/image\/\"}},{\"@type\":\"Person\",\"@id\":\"https:\/\/www.bisbatdemallorca.org\/ca\/#\/schema\/person\/9d198fedaef82cec34c41260a51964a6\",\"name\":\"Administraci\u00f3 Bisbat de Mallorca\",\"image\":{\"@type\":\"ImageObject\",\"inLanguage\":\"ca\",\"@id\":\"https:\/\/www.bisbatdemallorca.org\/ca\/#\/schema\/person\/image\/\",\"url\":\"https:\/\/secure.gravatar.com\/avatar\/cc0dac0bd15aa6305e120ea8e5b6c12f94c8fe06a53230fa56abffe62cefceb4?s=96&d=mm&r=g\",\"contentUrl\":\"https:\/\/secure.gravatar.com\/avatar\/cc0dac0bd15aa6305e120ea8e5b6c12f94c8fe06a53230fa56abffe62cefceb4?s=96&d=mm&r=g\",\"caption\":\"Administraci\u00f3 Bisbat de Mallorca\"},\"sameAs\":[\"https:\/\/bisbatdemallorca.org\"],\"url\":\"https:\/\/www.bisbatdemallorca.org\/ca\/author\/administraciobisbat\/\"}]}<\/script>\n<!-- \/ Yoast SEO plugin. -->","yoast_head_json":{"title":"Les esgl\u00e9sies de Mallorca exhibeixen els Llits de la Mare de D\u00e9u amb motiu de la festivitat de l'Assumpci\u00f3","robots":{"index":"index","follow":"follow","max-snippet":"max-snippet:-1","max-image-preview":"max-image-preview:large","max-video-preview":"max-video-preview:-1"},"canonical":"https:\/\/www.bisbatdemallorca.org\/ca\/les-esglesies-de-mallorca-exhibeixen-els-llits-de-la-mare-de-deu-amb-motiu-de-la-festivitat-de-lassumpcio\/","og_locale":"ca_ES","og_type":"article","og_title":"[:ca]Les esgl\u00e9sies de Mallorca exhibeixen els Llits de la Mare de D\u00e9u amb motiu de la festivitat de l&#039;Assumpci\u00f3[:es]Las iglesias de Mallorca exhiben los 'llits' de la Mare de D\u00e9u con motivo de la festividad de la Asunci\u00f3n[:] - Bisbat de Mallorca","og_description":"La festa de l&#8217;Assumpci\u00f3 de la Mare de D\u00e9u congrega [...]","og_url":"https:\/\/www.bisbatdemallorca.org\/ca\/les-esglesies-de-mallorca-exhibeixen-els-llits-de-la-mare-de-deu-amb-motiu-de-la-festivitat-de-lassumpcio\/","og_site_name":"Bisbat de Mallorca","article_published_time":"2022-08-16T17:12:53+00:00","article_modified_time":"2022-08-16T17:15:56+00:00","og_image":[{"width":1200,"height":800,"url":"https:\/\/www.bisbatdemallorca.org\/wp-content\/uploads\/2022\/08\/PHOTO-2022-08-16-18-49-44.jpg","type":"image\/jpeg"}],"author":"Administraci\u00f3 Bisbat de Mallorca","twitter_card":"summary_large_image","twitter_misc":{"Escrit per":"Administraci\u00f3 Bisbat de Mallorca","Temps estimat de lectura":"5 minuts"},"schema":{"@context":"https:\/\/schema.org","@graph":[{"@type":"Article","@id":"https:\/\/www.bisbatdemallorca.org\/les-esglesies-de-mallorca-exhibeixen-els-llits-de-la-mare-de-deu-amb-motiu-de-la-festivitat-de-lassumpcio\/#article","isPartOf":{"@id":"https:\/\/www.bisbatdemallorca.org\/les-esglesies-de-mallorca-exhibeixen-els-llits-de-la-mare-de-deu-amb-motiu-de-la-festivitat-de-lassumpcio\/"},"author":{"name":"Administraci\u00f3 Bisbat de Mallorca","@id":"https:\/\/www.bisbatdemallorca.org\/ca\/#\/schema\/person\/9d198fedaef82cec34c41260a51964a6"},"headline":"Les esgl\u00e9sies de Mallorca exhibeixen els Llits de la Mare de D\u00e9u amb motiu de la festivitat de l&#8217;Assumpci\u00f3","datePublished":"2022-08-16T17:12:53+00:00","dateModified":"2022-08-16T17:15:56+00:00","mainEntityOfPage":{"@id":"https:\/\/www.bisbatdemallorca.org\/les-esglesies-de-mallorca-exhibeixen-els-llits-de-la-mare-de-deu-amb-motiu-de-la-festivitat-de-lassumpcio\/"},"wordCount":972,"commentCount":0,"publisher":{"@id":"https:\/\/www.bisbatdemallorca.org\/ca\/#organization"},"image":{"@id":"https:\/\/www.bisbatdemallorca.org\/les-esglesies-de-mallorca-exhibeixen-els-llits-de-la-mare-de-deu-amb-motiu-de-la-festivitat-de-lassumpcio\/#primaryimage"},"thumbnailUrl":"https:\/\/www.bisbatdemallorca.org\/wp-content\/uploads\/2022\/08\/PHOTO-2022-08-16-18-49-44.jpg","articleSection":["Agencia Bal\u00e8ria"],"inLanguage":"ca","potentialAction":[{"@type":"CommentAction","name":"Comment","target":["https:\/\/www.bisbatdemallorca.org\/les-esglesies-de-mallorca-exhibeixen-els-llits-de-la-mare-de-deu-amb-motiu-de-la-festivitat-de-lassumpcio\/#respond"]}]},{"@type":"WebPage","@id":"https:\/\/www.bisbatdemallorca.org\/les-esglesies-de-mallorca-exhibeixen-els-llits-de-la-mare-de-deu-amb-motiu-de-la-festivitat-de-lassumpcio\/","url":"https:\/\/www.bisbatdemallorca.org\/les-esglesies-de-mallorca-exhibeixen-els-llits-de-la-mare-de-deu-amb-motiu-de-la-festivitat-de-lassumpcio\/","name":"Les esgl\u00e9sies de Mallorca exhibeixen els Llits de la Mare de D\u00e9u amb motiu de la festivitat de l'Assumpci\u00f3","isPartOf":{"@id":"https:\/\/www.bisbatdemallorca.org\/ca\/#website"},"primaryImageOfPage":{"@id":"https:\/\/www.bisbatdemallorca.org\/les-esglesies-de-mallorca-exhibeixen-els-llits-de-la-mare-de-deu-amb-motiu-de-la-festivitat-de-lassumpcio\/#primaryimage"},"image":{"@id":"https:\/\/www.bisbatdemallorca.org\/les-esglesies-de-mallorca-exhibeixen-els-llits-de-la-mare-de-deu-amb-motiu-de-la-festivitat-de-lassumpcio\/#primaryimage"},"thumbnailUrl":"https:\/\/www.bisbatdemallorca.org\/wp-content\/uploads\/2022\/08\/PHOTO-2022-08-16-18-49-44.jpg","datePublished":"2022-08-16T17:12:53+00:00","dateModified":"2022-08-16T17:15:56+00:00","breadcrumb":{"@id":"https:\/\/www.bisbatdemallorca.org\/les-esglesies-de-mallorca-exhibeixen-els-llits-de-la-mare-de-deu-amb-motiu-de-la-festivitat-de-lassumpcio\/#breadcrumb"},"inLanguage":"ca","potentialAction":[{"@type":"ReadAction","target":["https:\/\/www.bisbatdemallorca.org\/les-esglesies-de-mallorca-exhibeixen-els-llits-de-la-mare-de-deu-amb-motiu-de-la-festivitat-de-lassumpcio\/"]}]},{"@type":"ImageObject","inLanguage":"ca","@id":"https:\/\/www.bisbatdemallorca.org\/les-esglesies-de-mallorca-exhibeixen-els-llits-de-la-mare-de-deu-amb-motiu-de-la-festivitat-de-lassumpcio\/#primaryimage","url":"https:\/\/www.bisbatdemallorca.org\/wp-content\/uploads\/2022\/08\/PHOTO-2022-08-16-18-49-44.jpg","contentUrl":"https:\/\/www.bisbatdemallorca.org\/wp-content\/uploads\/2022\/08\/PHOTO-2022-08-16-18-49-44.jpg","width":1200,"height":800},{"@type":"BreadcrumbList","@id":"https:\/\/www.bisbatdemallorca.org\/les-esglesies-de-mallorca-exhibeixen-els-llits-de-la-mare-de-deu-amb-motiu-de-la-festivitat-de-lassumpcio\/#breadcrumb","itemListElement":[{"@type":"ListItem","position":1,"name":"Portada","item":"https:\/\/www.bisbatdemallorca.org\/ca\/"},{"@type":"ListItem","position":2,"name":"Las iglesias de Mallorca exhiben los &#8216;llits&#8217; de la Mare de D\u00e9u con motivo de la festividad de la Asunci\u00f3n"}]},{"@type":"WebSite","@id":"https:\/\/www.bisbatdemallorca.org\/ca\/#website","url":"https:\/\/www.bisbatdemallorca.org\/ca\/","name":"Bisbat de Mallorca","description":"Just another WordPress site","publisher":{"@id":"https:\/\/www.bisbatdemallorca.org\/ca\/#organization"},"potentialAction":[{"@type":"SearchAction","target":{"@type":"EntryPoint","urlTemplate":"https:\/\/www.bisbatdemallorca.org\/ca\/?s={search_term_string}"},"query-input":{"@type":"PropertyValueSpecification","valueRequired":true,"valueName":"search_term_string"}}],"inLanguage":"ca"},{"@type":"Organization","@id":"https:\/\/www.bisbatdemallorca.org\/ca\/#organization","name":"Bisbat De Mallorca","url":"https:\/\/www.bisbatdemallorca.org\/ca\/","logo":{"@type":"ImageObject","inLanguage":"ca","@id":"https:\/\/www.bisbatdemallorca.org\/ca\/#\/schema\/logo\/image\/","url":"https:\/\/bisbatdemallorca.org\/wp-content\/uploads\/2022\/04\/Logo_Bisbat-de-Mallorca-scaled.jpeg","contentUrl":"https:\/\/bisbatdemallorca.org\/wp-content\/uploads\/2022\/04\/Logo_Bisbat-de-Mallorca-scaled.jpeg","width":2560,"height":1810,"caption":"Bisbat De Mallorca"},"image":{"@id":"https:\/\/www.bisbatdemallorca.org\/ca\/#\/schema\/logo\/image\/"}},{"@type":"Person","@id":"https:\/\/www.bisbatdemallorca.org\/ca\/#\/schema\/person\/9d198fedaef82cec34c41260a51964a6","name":"Administraci\u00f3 Bisbat de Mallorca","image":{"@type":"ImageObject","inLanguage":"ca","@id":"https:\/\/www.bisbatdemallorca.org\/ca\/#\/schema\/person\/image\/","url":"https:\/\/secure.gravatar.com\/avatar\/cc0dac0bd15aa6305e120ea8e5b6c12f94c8fe06a53230fa56abffe62cefceb4?s=96&d=mm&r=g","contentUrl":"https:\/\/secure.gravatar.com\/avatar\/cc0dac0bd15aa6305e120ea8e5b6c12f94c8fe06a53230fa56abffe62cefceb4?s=96&d=mm&r=g","caption":"Administraci\u00f3 Bisbat de Mallorca"},"sameAs":["https:\/\/bisbatdemallorca.org"],"url":"https:\/\/www.bisbatdemallorca.org\/ca\/author\/administraciobisbat\/"}]}},"_links":{"self":[{"href":"https:\/\/www.bisbatdemallorca.org\/ca\/wp-json\/wp\/v2\/posts\/9045","targetHints":{"allow":["GET"]}}],"collection":[{"href":"https:\/\/www.bisbatdemallorca.org\/ca\/wp-json\/wp\/v2\/posts"}],"about":[{"href":"https:\/\/www.bisbatdemallorca.org\/ca\/wp-json\/wp\/v2\/types\/post"}],"author":[{"embeddable":true,"href":"https:\/\/www.bisbatdemallorca.org\/ca\/wp-json\/wp\/v2\/users\/2"}],"replies":[{"embeddable":true,"href":"https:\/\/www.bisbatdemallorca.org\/ca\/wp-json\/wp\/v2\/comments?post=9045"}],"version-history":[{"count":0,"href":"https:\/\/www.bisbatdemallorca.org\/ca\/wp-json\/wp\/v2\/posts\/9045\/revisions"}],"wp:featuredmedia":[{"embeddable":true,"href":"https:\/\/www.bisbatdemallorca.org\/ca\/wp-json\/wp\/v2\/media\/9046"}],"wp:attachment":[{"href":"https:\/\/www.bisbatdemallorca.org\/ca\/wp-json\/wp\/v2\/media?parent=9045"}],"wp:term":[{"taxonomy":"category","embeddable":true,"href":"https:\/\/www.bisbatdemallorca.org\/ca\/wp-json\/wp\/v2\/categories?post=9045"},{"taxonomy":"post_tag","embeddable":true,"href":"https:\/\/www.bisbatdemallorca.org\/ca\/wp-json\/wp\/v2\/tags?post=9045"}],"curies":[{"name":"wp","href":"https:\/\/api.w.org\/{rel}","templated":true}]}}