{"id":21705,"global_id":"www.bisbatdemallorca.org\/en?id=21705","global_id_lineage":["www.bisbatdemallorca.org\/en?id=21705"],"author":"2","status":"publish","date":"2024-09-19 08:48:41","date_utc":"2024-09-19 08:48:41","modified":"2024-09-19 08:48:41","modified_utc":"2024-09-19 08:48:41","url":"https:\/\/www.bisbatdemallorca.org\/en\/event\/jornada-per-a-la-integracio-migratoria\/","rest_url":"https:\/\/www.bisbatdemallorca.org\/en\/wp-json\/tribe\/events\/v1\/events\/21705","title":"Jornada per a la Integraci\u00f3 Migrat\u00f2ria","description":"<p>Jornada per a la Integraci\u00f3 Migrat\u00f2ria.<\/p>\n<p>Amb la participaci\u00f3 d&#8217;Aldo Miguel Causo Garrido, agent de viatges, mediador extrajudicial i advocat al Per\u00fa. Actualment president de l&#8217;associaci\u00f3 MIGREM, i voluntari de C\u00e0ritas. A m\u00e9s, els protagonistes comptaran la seva experi\u00e8ncia.<\/p>\n<p>Article 13 de la declaraci\u00f3 universal dels drets humans.<\/p>\n<p>1. Tota persona t\u00e9 dret a circular lliurement i a triar la seva resid\u00e8ncia en el territori d&#8217;un Estat.<br \/>\n2. Tota persona t\u00e9 dret a sortir de qualsevol pa\u00eds, fins i tot del propi, i a tornar al seu pa\u00eds.<\/p>\n<p>28 SETEMBRE, 10H, QUIOSQUET SOLIDARI TABGHA, PORTALS NOUS.<\/p>","excerpt":"","slug":"jornada-per-a-la-integracio-migratoria","image":false,"all_day":false,"start_date":"2024-09-28 10:00:00","start_date_details":{"year":"2024","month":"09","day":"28","hour":"10","minutes":"00","seconds":"00"},"end_date":"2024-09-28 12:00:00","end_date_details":{"year":"2024","month":"09","day":"28","hour":"12","minutes":"00","seconds":"00"},"utc_start_date":"2024-09-28 10:00:00","utc_start_date_details":{"year":"2024","month":"09","day":"28","hour":"10","minutes":"00","seconds":"00"},"utc_end_date":"2024-09-28 12:00:00","utc_end_date_details":{"year":"2024","month":"09","day":"28","hour":"12","minutes":"00","seconds":"00"},"timezone":"UTC+0","timezone_abbr":"UTC+0","cost":"","cost_details":{"currency_symbol":"","currency_code":"","currency_position":"prefix","values":[]},"website":"","show_map":true,"show_map_link":true,"hide_from_listings":false,"sticky":false,"featured":false,"categories":[{"name":"Agenda","slug":"agenda","term_group":0,"term_taxonomy_id":36,"taxonomy":"tribe_events_cat","description":"","parent":0,"count":1506,"filter":"raw","id":36,"urls":{"self":"https:\/\/www.bisbatdemallorca.org\/en\/wp-json\/tribe\/events\/v1\/categories\/36","collection":"https:\/\/www.bisbatdemallorca.org\/en\/wp-json\/tribe\/events\/v1\/categories"}}],"tags":[],"venue":{"id":20529,"author":"2","status":"publish","date":"2024-06-25 09:58:20","date_utc":"2024-06-25 09:58:20","modified":"2024-06-25 09:58:20","modified_utc":"2024-06-25 09:58:20","url":"https:\/\/www.bisbatdemallorca.org\/en\/venue\/xiringuito-solidario-tabgha-portals-nous\/","venue":"Xiringuito solidario Tabgha (PORTALS NOUS)","slug":"xiringuito-solidario-tabgha-portals-nous","json_ld":{"@type":"Place","name":"Xiringuito solidario Tabgha (PORTALS NOUS)","description":"","url":"","address":{"@type":"PostalAddress"},"telephone":"","sameAs":""},"show_map":true,"show_map_link":true,"global_id":"www.bisbatdemallorca.org\/en?id=20529","global_id_lineage":["www.bisbatdemallorca.org\/en?id=20529"]},"organizer":[],"custom_fields":[],"json_ld":{"@context":"http:\/\/schema.org","@type":"Event","name":"Jornada per a la Integraci\u00f3 Migrat\u00f2ria","description":"&lt;p&gt;Jornada per a la Integraci\u00f3 Migrat\u00f2ria. Amb la participaci\u00f3 d\\'Aldo  [...]&lt;\/p&gt;\\n","url":"https:\/\/www.bisbatdemallorca.org\/en\/event\/jornada-per-a-la-integracio-migratoria\/","eventAttendanceMode":"https:\/\/schema.org\/OfflineEventAttendanceMode","eventStatus":"https:\/\/schema.org\/EventScheduled","startDate":"2024-09-28T10:00:00+00:00","endDate":"2024-09-28T12:00:00+00:00","location":{"@type":"Place","name":"Xiringuito solidario Tabgha (PORTALS NOUS)","description":"","url":"","address":{"@type":"PostalAddress"},"telephone":"","sameAs":""},"performer":"Organization"}}