{"id":26436,"date":"2025-05-18T10:06:20","date_gmt":"2025-05-18T10:06:20","guid":{"rendered":"https:\/\/www.bisbatdemallorca.org\/ca\/?p=26436"},"modified":"2025-05-15T10:07:36","modified_gmt":"2025-05-15T10:07:36","slug":"lleo-xiv-proposa-treballar-la-pau-sense-armament","status":"publish","type":"post","link":"https:\/\/www.bisbatdemallorca.org\/en\/lleo-xiv-proposa-treballar-la-pau-sense-armament\/","title":{"rendered":"Le\u00f3n XIV propone trabajar la paz sin armamento"},"content":{"rendered":"<p>\u00ab<strong><em>\u00a1La paz est\u00e9 con todos ustedes!<\/em><\/strong><em> Yo tambi\u00e9n quisiera que este saludo de paz entrara en sus corazones, alcanzara a sus familias, a todas las personas, dondequiera que se encuentren, a todos los pueblos, a toda la tierra <\/em>[&#8230;]<em> Dios nos quiere, Dios los ama a todos, \u00a1y el mal no prevalecer\u00e1! Todos estamos en manos de Dios. Por lo tanto, sin miedo, unidos de la mano con Dios y entre nosotros, \u00a1sigamos adelante!<\/em>\u00bb<\/p>\n<p>Estas son las primeras palabras pronunciadas por el nuevo papa Le\u00f3n XIV dirigidas no solo a la Iglesia, sino a toda la humanidad y que ya se\u00f1alan el inicio de un camino que estamos invitados a compartir, siguiendo -como \u00e9l mismo ha dicho- la trayectoria trazada por el papa Francisco, al que ha hecho referencia. La paz ha sido la palabra clave. Nos afecta y afecta a todo el mundo en un momento delicado y de incertidumbre. Una <em>paz<\/em> que, para que sea duradera, debe ser <em>desarmada y desarmante<\/em>.<\/p>\n<p><strong>Le\u00f3n XIV<\/strong>, nombre que ha escogido el cardenal Roberto Francisco Prevost una vez elegido, conecta con algunas preferencias como las de Le\u00f3n XIII, el Papa que abri\u00f3 la Iglesia al mundo social y situ\u00f3 la <em>dignidad de la persona<\/em> por encima de todo, sobre todo en la defensa de los <em>derechos de los trabajadores<\/em>, reivindicando <em>salarios justos<\/em>, <em>condiciones laborales seguras<\/em> y la <em>creaci\u00f3n de sindicatos<\/em>. La doctrina social de la Iglesia se\u00f1ala un camino de <em>credibilidad<\/em> que la sit\u00faa en el coraz\u00f3n de nuestra sociedad, tan necesitada de <strong>regeneraci\u00f3n \u00e9tica<\/strong>.<\/p>\n<p><strong>El nuevo Papa<\/strong> tiene un <em>curriculum vitae<\/em> en el que domina su <strong>vocaci\u00f3n misionera<\/strong>, dimensi\u00f3n religiosa y humanitaria ejercida en Am\u00e9rica Latina, donde tiene un largo recorrido como sacerdote y como obispo, siempre al lado de los que m\u00e1s necesitan el anuncio liberador del Evangelio y haci\u00e9ndose presente en las capas m\u00e1s humildes de aquellos pueblos sedientos de justicia, de solidaridad y de amor. Tanto este aspecto como el servicio pastoral han confluido en la necesidad de <em>caminar juntos<\/em>, siendo una <strong>Iglesia sinodal<\/strong>, en la que todos nos necesitamos los unos a los otros. Le\u00f3n XIV ha vivido identificado con el talante del papa Francisco, con quien ha trabajado estrechamente por su encargo en la responsabilidad de prefecto del Dicasterio de los Obispos.<\/p>\n<p>Tendremos que seguir aprendiendo muchas cosas de este nuevo Papa que el Se\u00f1or nos ha concedido para guiarnos en el camino de <strong>fidelidad a Jes\u00fas<\/strong>, asumiendo el <strong>estilo del Evangelio<\/strong>, mediante el <em>di\u00e1logo<\/em>, la <em>discreci\u00f3n<\/em>, la <em>humildad<\/em>, la <em>inclusi\u00f3n<\/em> e <em>integraci\u00f3n<\/em> de los migrantes y descartados&#8230;, un servicio que, desde las actitudes evang\u00e9licas de la <em>misericordia<\/em> y la <em>compasi\u00f3n,<\/em> debemos conseguir que entre nosotros tenga carta de ciudadan\u00eda.<\/p>\n<p>Todo ello ha de ser posible -nos ha dicho desde el comienzo- desde <strong>una Iglesia que pone a Dios en su centro<\/strong> y <strong>vive la unidad interna como testimonio para que el mundo crea<\/strong>, por eso tenemos que <em>edificar puentes<\/em> que favorezcan nuevas relaciones entre las personas, y <em>derrocar los muros<\/em> que a\u00fan las separan. Debemos entender que solo una Iglesia as\u00ed formada por cristianos que lo viven puede decir una palabra convincente a los dem\u00e1s. Os invito a que <strong>oremos<\/strong>: <em>Oh Dios, pastor y gu\u00eda de todos los fieles, mira con bondad a tu siervo Le\u00f3n, a quien pusiste al frente de tu Iglesia como pastor, concede al que hace las veces de Cristo en la tierra confirmar en la fe a sus hermanos, y que toda la Iglesia se mantenga en comuni\u00f3n con \u00e9l por el v\u00ednculo de la unidad, del amor y de la paz. Am\u00e9n. <\/em><\/p>\n","protected":false},"excerpt":{"rendered":"<p>\u00ab\u00a1La paz est\u00e9 con todos ustedes! Yo tambi\u00e9n quisiera que  [&#8230;]<\/p>\n","protected":false},"author":2,"featured_media":0,"comment_status":"open","ping_status":"open","sticky":false,"template":"","format":"standard","meta":{"footnotes":""},"categories":[39],"tags":[],"class_list":["post-26436","post","type-post","status-publish","format-standard","hentry","category-articles-del-bisbe"],"yoast_head":"<!-- This site is optimized with the Yoast SEO plugin v27.0 - https:\/\/yoast.com\/product\/yoast-seo-wordpress\/ -->\n<title>Le\u00f3n XIV propone trabajar la paz sin armamento<\/title>\n<meta name=\"robots\" content=\"index, follow, max-snippet:-1, max-image-preview:large, max-video-preview:-1\" \/>\n<link rel=\"canonical\" href=\"https:\/\/www.bisbatdemallorca.org\/en\/lleo-xiv-proposa-treballar-la-pau-sense-armament\/\" \/>\n<meta property=\"og:locale\" content=\"en_US\" \/>\n<meta property=\"og:locale:alternate\" content=\"ca\" \/>\n<meta property=\"og:locale:alternate\" content=\"es_ES\" \/>\n<meta property=\"og:type\" content=\"article\" \/>\n<meta property=\"og:title\" content=\"Le\u00f3n XIV propone trabajar la paz sin armamento\" \/>\n<meta property=\"og:description\" content=\"\u00ab\u00a1La paz est\u00e9 con todos ustedes! Yo tambi\u00e9n quisiera que [...]\" \/>\n<meta property=\"og:url\" content=\"https:\/\/www.bisbatdemallorca.org\/en\/lleo-xiv-proposa-treballar-la-pau-sense-armament\/\" \/>\n<meta property=\"og:site_name\" content=\"Bisbat de Mallorca\" \/>\n<meta property=\"article:published_time\" content=\"2025-05-18T10:06:20+00:00\" \/>\n<meta name=\"author\" content=\"Administraci\u00f3 Bisbat de Mallorca\" \/>\n<meta name=\"twitter:card\" content=\"summary_large_image\" \/>\n<meta name=\"twitter:label1\" content=\"Written by\" \/>\n\t<meta name=\"twitter:data1\" content=\"Administraci\u00f3 Bisbat de Mallorca\" \/>\n\t<meta name=\"twitter:label2\" content=\"Est. reading time\" \/>\n\t<meta name=\"twitter:data2\" content=\"6 minutes\" \/>\n<script type=\"application\/ld+json\" class=\"yoast-schema-graph\">{\"@context\":\"https:\/\/schema.org\",\"@graph\":[{\"@type\":\"Article\",\"@id\":\"https:\/\/www.bisbatdemallorca.org\/ca\/lleo-xiv-proposa-treballar-la-pau-sense-armament\/#article\",\"isPartOf\":{\"@id\":\"https:\/\/www.bisbatdemallorca.org\/ca\/lleo-xiv-proposa-treballar-la-pau-sense-armament\/\"},\"author\":{\"name\":\"Administraci\u00f3 Bisbat de Mallorca\",\"@id\":\"https:\/\/www.bisbatdemallorca.org\/ca\/#\/schema\/person\/9d198fedaef82cec34c41260a51964a6\"},\"headline\":\"Le\u00f3n XIV propone trabajar la paz sin armamento\",\"datePublished\":\"2025-05-18T10:06:20+00:00\",\"mainEntityOfPage\":{\"@id\":\"https:\/\/www.bisbatdemallorca.org\/ca\/lleo-xiv-proposa-treballar-la-pau-sense-armament\/\"},\"wordCount\":1271,\"commentCount\":0,\"publisher\":{\"@id\":\"https:\/\/www.bisbatdemallorca.org\/ca\/#organization\"},\"articleSection\":[\"Articles del Bisbe\"],\"inLanguage\":\"en-US\",\"potentialAction\":[{\"@type\":\"CommentAction\",\"name\":\"Comment\",\"target\":[\"https:\/\/www.bisbatdemallorca.org\/ca\/lleo-xiv-proposa-treballar-la-pau-sense-armament\/#respond\"]}]},{\"@type\":\"WebPage\",\"@id\":\"https:\/\/www.bisbatdemallorca.org\/ca\/lleo-xiv-proposa-treballar-la-pau-sense-armament\/\",\"url\":\"https:\/\/www.bisbatdemallorca.org\/ca\/lleo-xiv-proposa-treballar-la-pau-sense-armament\/\",\"name\":\"Le\u00f3n XIV propone trabajar la paz sin armamento\",\"isPartOf\":{\"@id\":\"https:\/\/www.bisbatdemallorca.org\/ca\/#website\"},\"datePublished\":\"2025-05-18T10:06:20+00:00\",\"breadcrumb\":{\"@id\":\"https:\/\/www.bisbatdemallorca.org\/ca\/lleo-xiv-proposa-treballar-la-pau-sense-armament\/#breadcrumb\"},\"inLanguage\":\"en-US\",\"potentialAction\":[{\"@type\":\"ReadAction\",\"target\":[\"https:\/\/www.bisbatdemallorca.org\/ca\/lleo-xiv-proposa-treballar-la-pau-sense-armament\/\"]}]},{\"@type\":\"BreadcrumbList\",\"@id\":\"https:\/\/www.bisbatdemallorca.org\/ca\/lleo-xiv-proposa-treballar-la-pau-sense-armament\/#breadcrumb\",\"itemListElement\":[{\"@type\":\"ListItem\",\"position\":1,\"name\":\"Portada\",\"item\":\"https:\/\/www.bisbatdemallorca.org\/ca\/\"},{\"@type\":\"ListItem\",\"position\":2,\"name\":\"Lle\u00f3 XIV proposa treballar la pau sense armament\"}]},{\"@type\":\"WebSite\",\"@id\":\"https:\/\/www.bisbatdemallorca.org\/ca\/#website\",\"url\":\"https:\/\/www.bisbatdemallorca.org\/ca\/\",\"name\":\"Bisbat de Mallorca\",\"description\":\"Just another WordPress site\",\"publisher\":{\"@id\":\"https:\/\/www.bisbatdemallorca.org\/ca\/#organization\"},\"potentialAction\":[{\"@type\":\"SearchAction\",\"target\":{\"@type\":\"EntryPoint\",\"urlTemplate\":\"https:\/\/www.bisbatdemallorca.org\/ca\/?s={search_term_string}\"},\"query-input\":{\"@type\":\"PropertyValueSpecification\",\"valueRequired\":true,\"valueName\":\"search_term_string\"}}],\"inLanguage\":\"en-US\"},{\"@type\":\"Organization\",\"@id\":\"https:\/\/www.bisbatdemallorca.org\/ca\/#organization\",\"name\":\"Bisbat De Mallorca\",\"url\":\"https:\/\/www.bisbatdemallorca.org\/ca\/\",\"logo\":{\"@type\":\"ImageObject\",\"inLanguage\":\"en-US\",\"@id\":\"https:\/\/www.bisbatdemallorca.org\/ca\/#\/schema\/logo\/image\/\",\"url\":\"https:\/\/bisbatdemallorca.org\/wp-content\/uploads\/2022\/04\/Logo_Bisbat-de-Mallorca-scaled.jpeg\",\"contentUrl\":\"https:\/\/bisbatdemallorca.org\/wp-content\/uploads\/2022\/04\/Logo_Bisbat-de-Mallorca-scaled.jpeg\",\"width\":2560,\"height\":1810,\"caption\":\"Bisbat De Mallorca\"},\"image\":{\"@id\":\"https:\/\/www.bisbatdemallorca.org\/ca\/#\/schema\/logo\/image\/\"}},{\"@type\":\"Person\",\"@id\":\"https:\/\/www.bisbatdemallorca.org\/ca\/#\/schema\/person\/9d198fedaef82cec34c41260a51964a6\",\"name\":\"Administraci\u00f3 Bisbat de Mallorca\",\"image\":{\"@type\":\"ImageObject\",\"inLanguage\":\"en-US\",\"@id\":\"https:\/\/www.bisbatdemallorca.org\/ca\/#\/schema\/person\/image\/\",\"url\":\"https:\/\/secure.gravatar.com\/avatar\/cc0dac0bd15aa6305e120ea8e5b6c12f94c8fe06a53230fa56abffe62cefceb4?s=96&d=mm&r=g\",\"contentUrl\":\"https:\/\/secure.gravatar.com\/avatar\/cc0dac0bd15aa6305e120ea8e5b6c12f94c8fe06a53230fa56abffe62cefceb4?s=96&d=mm&r=g\",\"caption\":\"Administraci\u00f3 Bisbat de Mallorca\"},\"sameAs\":[\"https:\/\/bisbatdemallorca.org\"],\"url\":\"https:\/\/www.bisbatdemallorca.org\/en\/author\/administraciobisbat\/\"}]}<\/script>\n<!-- \/ Yoast SEO plugin. -->","yoast_head_json":{"title":"Le\u00f3n XIV propone trabajar la paz sin armamento","robots":{"index":"index","follow":"follow","max-snippet":"max-snippet:-1","max-image-preview":"max-image-preview:large","max-video-preview":"max-video-preview:-1"},"canonical":"https:\/\/www.bisbatdemallorca.org\/en\/lleo-xiv-proposa-treballar-la-pau-sense-armament\/","og_locale":"en_US","og_type":"article","og_title":"[:ca]Lle\u00f3 XIV proposa treballar la pau sense armament[:es]Le\u00f3n XIV propone trabajar la paz sin armamento[:] - Bisbat de Mallorca","og_description":"\u00ab\u00a1La paz est\u00e9 con todos ustedes! Yo tambi\u00e9n quisiera que [...]","og_url":"https:\/\/www.bisbatdemallorca.org\/en\/lleo-xiv-proposa-treballar-la-pau-sense-armament\/","og_site_name":"Bisbat de Mallorca","article_published_time":"2025-05-18T10:06:20+00:00","author":"Administraci\u00f3 Bisbat de Mallorca","twitter_card":"summary_large_image","twitter_misc":{"Written by":"Administraci\u00f3 Bisbat de Mallorca","Est. reading time":"6 minutes"},"schema":{"@context":"https:\/\/schema.org","@graph":[{"@type":"Article","@id":"https:\/\/www.bisbatdemallorca.org\/ca\/lleo-xiv-proposa-treballar-la-pau-sense-armament\/#article","isPartOf":{"@id":"https:\/\/www.bisbatdemallorca.org\/ca\/lleo-xiv-proposa-treballar-la-pau-sense-armament\/"},"author":{"name":"Administraci\u00f3 Bisbat de Mallorca","@id":"https:\/\/www.bisbatdemallorca.org\/ca\/#\/schema\/person\/9d198fedaef82cec34c41260a51964a6"},"headline":"Le\u00f3n XIV propone trabajar la paz sin armamento","datePublished":"2025-05-18T10:06:20+00:00","mainEntityOfPage":{"@id":"https:\/\/www.bisbatdemallorca.org\/ca\/lleo-xiv-proposa-treballar-la-pau-sense-armament\/"},"wordCount":1271,"commentCount":0,"publisher":{"@id":"https:\/\/www.bisbatdemallorca.org\/ca\/#organization"},"articleSection":["Articles del Bisbe"],"inLanguage":"en-US","potentialAction":[{"@type":"CommentAction","name":"Comment","target":["https:\/\/www.bisbatdemallorca.org\/ca\/lleo-xiv-proposa-treballar-la-pau-sense-armament\/#respond"]}]},{"@type":"WebPage","@id":"https:\/\/www.bisbatdemallorca.org\/ca\/lleo-xiv-proposa-treballar-la-pau-sense-armament\/","url":"https:\/\/www.bisbatdemallorca.org\/ca\/lleo-xiv-proposa-treballar-la-pau-sense-armament\/","name":"Le\u00f3n XIV propone trabajar la paz sin armamento","isPartOf":{"@id":"https:\/\/www.bisbatdemallorca.org\/ca\/#website"},"datePublished":"2025-05-18T10:06:20+00:00","breadcrumb":{"@id":"https:\/\/www.bisbatdemallorca.org\/ca\/lleo-xiv-proposa-treballar-la-pau-sense-armament\/#breadcrumb"},"inLanguage":"en-US","potentialAction":[{"@type":"ReadAction","target":["https:\/\/www.bisbatdemallorca.org\/ca\/lleo-xiv-proposa-treballar-la-pau-sense-armament\/"]}]},{"@type":"BreadcrumbList","@id":"https:\/\/www.bisbatdemallorca.org\/ca\/lleo-xiv-proposa-treballar-la-pau-sense-armament\/#breadcrumb","itemListElement":[{"@type":"ListItem","position":1,"name":"Portada","item":"https:\/\/www.bisbatdemallorca.org\/ca\/"},{"@type":"ListItem","position":2,"name":"Lle\u00f3 XIV proposa treballar la pau sense armament"}]},{"@type":"WebSite","@id":"https:\/\/www.bisbatdemallorca.org\/ca\/#website","url":"https:\/\/www.bisbatdemallorca.org\/ca\/","name":"Bisbat de Mallorca","description":"Just another WordPress site","publisher":{"@id":"https:\/\/www.bisbatdemallorca.org\/ca\/#organization"},"potentialAction":[{"@type":"SearchAction","target":{"@type":"EntryPoint","urlTemplate":"https:\/\/www.bisbatdemallorca.org\/ca\/?s={search_term_string}"},"query-input":{"@type":"PropertyValueSpecification","valueRequired":true,"valueName":"search_term_string"}}],"inLanguage":"en-US"},{"@type":"Organization","@id":"https:\/\/www.bisbatdemallorca.org\/ca\/#organization","name":"Bisbat De Mallorca","url":"https:\/\/www.bisbatdemallorca.org\/ca\/","logo":{"@type":"ImageObject","inLanguage":"en-US","@id":"https:\/\/www.bisbatdemallorca.org\/ca\/#\/schema\/logo\/image\/","url":"https:\/\/bisbatdemallorca.org\/wp-content\/uploads\/2022\/04\/Logo_Bisbat-de-Mallorca-scaled.jpeg","contentUrl":"https:\/\/bisbatdemallorca.org\/wp-content\/uploads\/2022\/04\/Logo_Bisbat-de-Mallorca-scaled.jpeg","width":2560,"height":1810,"caption":"Bisbat De Mallorca"},"image":{"@id":"https:\/\/www.bisbatdemallorca.org\/ca\/#\/schema\/logo\/image\/"}},{"@type":"Person","@id":"https:\/\/www.bisbatdemallorca.org\/ca\/#\/schema\/person\/9d198fedaef82cec34c41260a51964a6","name":"Administraci\u00f3 Bisbat de Mallorca","image":{"@type":"ImageObject","inLanguage":"en-US","@id":"https:\/\/www.bisbatdemallorca.org\/ca\/#\/schema\/person\/image\/","url":"https:\/\/secure.gravatar.com\/avatar\/cc0dac0bd15aa6305e120ea8e5b6c12f94c8fe06a53230fa56abffe62cefceb4?s=96&d=mm&r=g","contentUrl":"https:\/\/secure.gravatar.com\/avatar\/cc0dac0bd15aa6305e120ea8e5b6c12f94c8fe06a53230fa56abffe62cefceb4?s=96&d=mm&r=g","caption":"Administraci\u00f3 Bisbat de Mallorca"},"sameAs":["https:\/\/bisbatdemallorca.org"],"url":"https:\/\/www.bisbatdemallorca.org\/en\/author\/administraciobisbat\/"}]}},"_links":{"self":[{"href":"https:\/\/www.bisbatdemallorca.org\/en\/wp-json\/wp\/v2\/posts\/26436","targetHints":{"allow":["GET"]}}],"collection":[{"href":"https:\/\/www.bisbatdemallorca.org\/en\/wp-json\/wp\/v2\/posts"}],"about":[{"href":"https:\/\/www.bisbatdemallorca.org\/en\/wp-json\/wp\/v2\/types\/post"}],"author":[{"embeddable":true,"href":"https:\/\/www.bisbatdemallorca.org\/en\/wp-json\/wp\/v2\/users\/2"}],"replies":[{"embeddable":true,"href":"https:\/\/www.bisbatdemallorca.org\/en\/wp-json\/wp\/v2\/comments?post=26436"}],"version-history":[{"count":0,"href":"https:\/\/www.bisbatdemallorca.org\/en\/wp-json\/wp\/v2\/posts\/26436\/revisions"}],"wp:attachment":[{"href":"https:\/\/www.bisbatdemallorca.org\/en\/wp-json\/wp\/v2\/media?parent=26436"}],"wp:term":[{"taxonomy":"category","embeddable":true,"href":"https:\/\/www.bisbatdemallorca.org\/en\/wp-json\/wp\/v2\/categories?post=26436"},{"taxonomy":"post_tag","embeddable":true,"href":"https:\/\/www.bisbatdemallorca.org\/en\/wp-json\/wp\/v2\/tags?post=26436"}],"curies":[{"name":"wp","href":"https:\/\/api.w.org\/{rel}","templated":true}]}}