{"id":30698,"date":"2026-01-18T09:29:13","date_gmt":"2026-01-18T08:29:13","guid":{"rendered":"https:\/\/www.bisbatdemallorca.org\/ca\/?p=30698"},"modified":"2026-01-16T09:31:20","modified_gmt":"2026-01-16T08:31:20","slug":"entre-dues-festes-sant-antoni-i-sant-sebastia-dos-referents-per-a-la-nostra-fe-i-la-nostra-cultura","status":"publish","type":"post","link":"https:\/\/www.bisbatdemallorca.org\/en\/entre-dues-festes-sant-antoni-i-sant-sebastia-dos-referents-per-a-la-nostra-fe-i-la-nostra-cultura\/","title":{"rendered":"Entre dos fiestas: san Antonio y san Sebasti\u00e1n,  dos referentes para nuestra fe y nuestra cultura"},"content":{"rendered":"<p><em>\u00bfC\u00f3mo vivimos estas fiestas tan arraigadas en nuestro pueblo? \u00bfQu\u00e9 celebramos realmente? La afluencia de tantos demonios, \u00bfqu\u00e9 aporta a nuestra cultura? Los santos, \u00bfqu\u00e9 espacio ocupan en la mentalidad popular y qu\u00e9 conocimiento tenemos y transmitimos de ellos? \u00bfPodemos hablar de referentes cristianos para nuestra cultura y para el crecimiento de nuestra fe? En definitiva, \u00bfqu\u00e9 sentido tiene lo que celebramos estos d\u00edas? \u00bfQu\u00e9 significa, como toda fiesta, de renovaci\u00f3n de nuestra convivencia?<\/em><\/p>\n<p>Estos a\u00f1os me he esforzado por profundizar en el sentido que tiene celebrar a san Antonio y san Sebasti\u00e1n, dos fiestas muy nuestras y que hacen vibrar de entusiasmo. Ir\u00e1 bien que tambi\u00e9n hagamos el esfuerzo de profundizar en <strong><em>qui\u00e9n son estos dos santos<\/em><\/strong> y <strong><em>qu\u00e9 incidencia<\/em><\/strong> tiene su personalidad en nuestro caminar como pueblo y, sobre todo cu\u00e1les son sus ra\u00edces cristianas. Nos puede ir bien hacerlo, porque nos puede ayudar a hacer las cosas con sentido y vivirlo con autenticidad.<\/p>\n<p>De <strong>san Antonio<\/strong> me gusta, en primer lugar, no verlo rodeado solamente de diablos que lo tientan, aunque es cierto que, ya adulto, \u00e9l gana y vence el mal, sino contemplarlo en el momento m\u00e1s decisivo de su vida, cuando a sus 18 a\u00f1os entra en una iglesia y escucha, del Evangelio que se proclama, estas palabras de Jes\u00fas dirigidas a un joven: \u00ab<strong><em>Si quieres ser perfecto, vende todo lo que tienes y d\u00e1selo a los pobres, y tendr\u00e1s un tesoro en el cielo. Despu\u00e9s, ven y s\u00edgueme<\/em><\/strong>\u00bb (<em>Mt<\/em> 19,21). El joven Antonio no piensa un segundo, lo deja todo, familia y bienes, y sigue a Jes\u00fas. Este es el hecho referencial. Entonces, su vida como fundador del monaquismo inicia una corriente de espiritualidad que la marcar\u00e1 toda, aunque no quedar\u00e1 exenta de dificultades y tentaciones. Pero, como conoce y vive nuestra tradici\u00f3n popular, saldr\u00e1 vencedor de ellas. Creo que san Antonio puede ser un <em>buen referente para nuestra juventud<\/em>, capaz de respuesta generosa y sedienta de sentido.<\/p>\n<p>De <strong>san Sebasti\u00e1n<\/strong>, quiero valorar su <em>valent\u00eda a la hora de dar testimonio de su fe en Jes\u00fas<\/em>. Vive en medio de un ambiente que le obliga a dar culto al emperador y renunciar a su fe. Tiene claro que debe ejercer la objeci\u00f3n de conciencia y oponerse al ofrecimiento que recibe, aunque era muy bien valorado formando parte de la guardia pretoriana. En la liturgia de su fiesta leemos este fragmento del Evangelio: \u00ab<strong><em>Dice Jes\u00fas: Dichosos vosotros cuando, por mi causa, la gente os odiar\u00e1, os rechazar\u00e1, os ofender\u00e1 y tratar\u00e1 vuestro nombre como infame: alegraos aquel d\u00eda y celebradlo, porque vuestra recompensa es grande en el cielo<\/em><\/strong>\u00bb (<em>Lc <\/em>6,22-23). Sebasti\u00e1n ya hab\u00eda sido bautizado como cristiano, pero ocultaba sus creencias por miedo a ser represaliado, ya que hay que recordar que por aquellos d\u00edas el cristianismo era perseguido duramente por el emperador y las autoridades romanas. Desde su posici\u00f3n sirvi\u00f3 con provecho a la Iglesia practicando obras de apostolado entre sus compa\u00f1eros militares, haciendo oraci\u00f3n, visitando y confortando a los que estaban encarcelados por su condici\u00f3n cristiana. Con buenas pero firmes palabras, Sebasti\u00e1n explic\u00f3 al emperador que perseverar\u00eda en su fe hasta la muerte.<\/p>\n<p>Estamos ante dos referentes, Antonio y Sebasti\u00e1n, que dan origen y contenido a nuestras dos fiestas y son muy amados y venerados por nuestro pueblo. Somos invitados a vivirlas a partir de ellos y a tenerlos como modelos para nuestra vida cristiana, hoy. Los <strong>j\u00f3venes<\/strong>, identific\u00e1ndose con la <em>decisi\u00f3n de seguir a Jes\u00fas<\/em>; y <strong>todos<\/strong>, <strong>j\u00f3venes<\/strong> y <strong>adultos<\/strong>, haciendo propia la <em>valent\u00eda de dar testimonio de la propia fe en Jes\u00fas<\/em>, incluso entre dificultades y persecuciones.<\/p>\n<p>&nbsp;<\/p>\n","protected":false},"excerpt":{"rendered":"<p>\u00bfC\u00f3mo vivimos estas fiestas tan arraigadas en nuestro pueblo? \u00bfQu\u00e9  [&#8230;]<\/p>\n","protected":false},"author":2,"featured_media":0,"comment_status":"closed","ping_status":"open","sticky":false,"template":"","format":"standard","meta":{"footnotes":""},"categories":[39],"tags":[],"class_list":["post-30698","post","type-post","status-publish","format-standard","hentry","category-articles-del-bisbe"],"yoast_head":"<!-- This site is optimized with the Yoast SEO plugin v27.0 - https:\/\/yoast.com\/product\/yoast-seo-wordpress\/ -->\n<title>Entre dos fiestas: san Antonio y san Sebasti\u00e1n, dos referentes para nuestra fe y nuestra cultura<\/title>\n<meta name=\"robots\" content=\"index, follow, max-snippet:-1, max-image-preview:large, max-video-preview:-1\" \/>\n<link rel=\"canonical\" href=\"https:\/\/www.bisbatdemallorca.org\/en\/entre-dues-festes-sant-antoni-i-sant-sebastia-dos-referents-per-a-la-nostra-fe-i-la-nostra-cultura\/\" \/>\n<meta property=\"og:locale\" content=\"en_US\" \/>\n<meta property=\"og:locale:alternate\" content=\"ca\" \/>\n<meta property=\"og:locale:alternate\" content=\"es_ES\" \/>\n<meta property=\"og:type\" content=\"article\" \/>\n<meta property=\"og:title\" content=\"Entre dos fiestas: san Antonio y san Sebasti\u00e1n, dos referentes para nuestra fe y nuestra cultura\" \/>\n<meta property=\"og:description\" content=\"\u00bfC\u00f3mo vivimos estas fiestas tan arraigadas en nuestro pueblo? \u00bfQu\u00e9 [...]\" \/>\n<meta property=\"og:url\" content=\"https:\/\/www.bisbatdemallorca.org\/en\/entre-dues-festes-sant-antoni-i-sant-sebastia-dos-referents-per-a-la-nostra-fe-i-la-nostra-cultura\/\" \/>\n<meta property=\"og:site_name\" content=\"Bisbat de Mallorca\" \/>\n<meta property=\"article:published_time\" content=\"2026-01-18T08:29:13+00:00\" \/>\n<meta name=\"author\" content=\"Administraci\u00f3 Bisbat de Mallorca\" \/>\n<meta name=\"twitter:card\" content=\"summary_large_image\" \/>\n<meta name=\"twitter:label1\" content=\"Written by\" \/>\n\t<meta name=\"twitter:data1\" content=\"Administraci\u00f3 Bisbat de Mallorca\" \/>\n\t<meta name=\"twitter:label2\" content=\"Est. reading time\" \/>\n\t<meta name=\"twitter:data2\" content=\"3 minutes\" \/>\n<script type=\"application\/ld+json\" class=\"yoast-schema-graph\">{\"@context\":\"https:\/\/schema.org\",\"@graph\":[{\"@type\":\"Article\",\"@id\":\"https:\/\/www.bisbatdemallorca.org\/en\/entre-dues-festes-sant-antoni-i-sant-sebastia-dos-referents-per-a-la-nostra-fe-i-la-nostra-cultura\/#article\",\"isPartOf\":{\"@id\":\"https:\/\/www.bisbatdemallorca.org\/en\/entre-dues-festes-sant-antoni-i-sant-sebastia-dos-referents-per-a-la-nostra-fe-i-la-nostra-cultura\/\"},\"author\":{\"name\":\"Administraci\u00f3 Bisbat de Mallorca\",\"@id\":\"https:\/\/www.bisbatdemallorca.org\/ca\/#\/schema\/person\/9d198fedaef82cec34c41260a51964a6\"},\"headline\":\"Entre dos fiestas: san Antonio y san Sebasti\u00e1n, dos referentes para nuestra fe y nuestra cultura\",\"datePublished\":\"2026-01-18T08:29:13+00:00\",\"mainEntityOfPage\":{\"@id\":\"https:\/\/www.bisbatdemallorca.org\/en\/entre-dues-festes-sant-antoni-i-sant-sebastia-dos-referents-per-a-la-nostra-fe-i-la-nostra-cultura\/\"},\"wordCount\":1337,\"publisher\":{\"@id\":\"https:\/\/www.bisbatdemallorca.org\/ca\/#organization\"},\"articleSection\":[\"Articles del Bisbe\"],\"inLanguage\":\"en-US\"},{\"@type\":\"WebPage\",\"@id\":\"https:\/\/www.bisbatdemallorca.org\/en\/entre-dues-festes-sant-antoni-i-sant-sebastia-dos-referents-per-a-la-nostra-fe-i-la-nostra-cultura\/\",\"url\":\"https:\/\/www.bisbatdemallorca.org\/en\/entre-dues-festes-sant-antoni-i-sant-sebastia-dos-referents-per-a-la-nostra-fe-i-la-nostra-cultura\/\",\"name\":\"Entre dos fiestas: san Antonio y san Sebasti\u00e1n, dos referentes para nuestra fe y nuestra cultura\",\"isPartOf\":{\"@id\":\"https:\/\/www.bisbatdemallorca.org\/ca\/#website\"},\"datePublished\":\"2026-01-18T08:29:13+00:00\",\"breadcrumb\":{\"@id\":\"https:\/\/www.bisbatdemallorca.org\/en\/entre-dues-festes-sant-antoni-i-sant-sebastia-dos-referents-per-a-la-nostra-fe-i-la-nostra-cultura\/#breadcrumb\"},\"inLanguage\":\"en-US\",\"potentialAction\":[{\"@type\":\"ReadAction\",\"target\":[\"https:\/\/www.bisbatdemallorca.org\/en\/entre-dues-festes-sant-antoni-i-sant-sebastia-dos-referents-per-a-la-nostra-fe-i-la-nostra-cultura\/\"]}]},{\"@type\":\"BreadcrumbList\",\"@id\":\"https:\/\/www.bisbatdemallorca.org\/en\/entre-dues-festes-sant-antoni-i-sant-sebastia-dos-referents-per-a-la-nostra-fe-i-la-nostra-cultura\/#breadcrumb\",\"itemListElement\":[{\"@type\":\"ListItem\",\"position\":1,\"name\":\"Portada\",\"item\":\"https:\/\/www.bisbatdemallorca.org\/ca\/\"},{\"@type\":\"ListItem\",\"position\":2,\"name\":\"Entre dos fiestas: san Antonio y san Sebasti\u00e1n, dos referentes para nuestra fe y nuestra cultura\"}]},{\"@type\":\"WebSite\",\"@id\":\"https:\/\/www.bisbatdemallorca.org\/ca\/#website\",\"url\":\"https:\/\/www.bisbatdemallorca.org\/ca\/\",\"name\":\"Bisbat de Mallorca\",\"description\":\"Just another WordPress site\",\"publisher\":{\"@id\":\"https:\/\/www.bisbatdemallorca.org\/ca\/#organization\"},\"potentialAction\":[{\"@type\":\"SearchAction\",\"target\":{\"@type\":\"EntryPoint\",\"urlTemplate\":\"https:\/\/www.bisbatdemallorca.org\/ca\/?s={search_term_string}\"},\"query-input\":{\"@type\":\"PropertyValueSpecification\",\"valueRequired\":true,\"valueName\":\"search_term_string\"}}],\"inLanguage\":\"en-US\"},{\"@type\":\"Organization\",\"@id\":\"https:\/\/www.bisbatdemallorca.org\/ca\/#organization\",\"name\":\"Bisbat De Mallorca\",\"url\":\"https:\/\/www.bisbatdemallorca.org\/ca\/\",\"logo\":{\"@type\":\"ImageObject\",\"inLanguage\":\"en-US\",\"@id\":\"https:\/\/www.bisbatdemallorca.org\/ca\/#\/schema\/logo\/image\/\",\"url\":\"https:\/\/bisbatdemallorca.org\/wp-content\/uploads\/2022\/04\/Logo_Bisbat-de-Mallorca-scaled.jpeg\",\"contentUrl\":\"https:\/\/bisbatdemallorca.org\/wp-content\/uploads\/2022\/04\/Logo_Bisbat-de-Mallorca-scaled.jpeg\",\"width\":2560,\"height\":1810,\"caption\":\"Bisbat De Mallorca\"},\"image\":{\"@id\":\"https:\/\/www.bisbatdemallorca.org\/ca\/#\/schema\/logo\/image\/\"}},{\"@type\":\"Person\",\"@id\":\"https:\/\/www.bisbatdemallorca.org\/ca\/#\/schema\/person\/9d198fedaef82cec34c41260a51964a6\",\"name\":\"Administraci\u00f3 Bisbat de Mallorca\",\"image\":{\"@type\":\"ImageObject\",\"inLanguage\":\"en-US\",\"@id\":\"https:\/\/www.bisbatdemallorca.org\/ca\/#\/schema\/person\/image\/\",\"url\":\"https:\/\/secure.gravatar.com\/avatar\/cc0dac0bd15aa6305e120ea8e5b6c12f94c8fe06a53230fa56abffe62cefceb4?s=96&d=mm&r=g\",\"contentUrl\":\"https:\/\/secure.gravatar.com\/avatar\/cc0dac0bd15aa6305e120ea8e5b6c12f94c8fe06a53230fa56abffe62cefceb4?s=96&d=mm&r=g\",\"caption\":\"Administraci\u00f3 Bisbat de Mallorca\"},\"sameAs\":[\"https:\/\/bisbatdemallorca.org\"],\"url\":\"https:\/\/www.bisbatdemallorca.org\/en\/author\/administraciobisbat\/\"}]}<\/script>\n<!-- \/ Yoast SEO plugin. -->","yoast_head_json":{"title":"Entre dos fiestas: san Antonio y san Sebasti\u00e1n, dos referentes para nuestra fe y nuestra cultura","robots":{"index":"index","follow":"follow","max-snippet":"max-snippet:-1","max-image-preview":"max-image-preview:large","max-video-preview":"max-video-preview:-1"},"canonical":"https:\/\/www.bisbatdemallorca.org\/en\/entre-dues-festes-sant-antoni-i-sant-sebastia-dos-referents-per-a-la-nostra-fe-i-la-nostra-cultura\/","og_locale":"en_US","og_type":"article","og_title":"[:ca]Entre dues festes: sant Antoni i sant Sebasti\u00e0, dos referents per a la nostra fe i la nostra cultura[:es]Entre dos fiestas: san Antonio y san Sebasti\u00e1n, dos referentes para nuestra fe y nuestra cultura[:] - Bisbat de Mallorca","og_description":"\u00bfC\u00f3mo vivimos estas fiestas tan arraigadas en nuestro pueblo? \u00bfQu\u00e9 [...]","og_url":"https:\/\/www.bisbatdemallorca.org\/en\/entre-dues-festes-sant-antoni-i-sant-sebastia-dos-referents-per-a-la-nostra-fe-i-la-nostra-cultura\/","og_site_name":"Bisbat de Mallorca","article_published_time":"2026-01-18T08:29:13+00:00","author":"Administraci\u00f3 Bisbat de Mallorca","twitter_card":"summary_large_image","twitter_misc":{"Written by":"Administraci\u00f3 Bisbat de Mallorca","Est. reading time":"3 minutes"},"schema":{"@context":"https:\/\/schema.org","@graph":[{"@type":"Article","@id":"https:\/\/www.bisbatdemallorca.org\/en\/entre-dues-festes-sant-antoni-i-sant-sebastia-dos-referents-per-a-la-nostra-fe-i-la-nostra-cultura\/#article","isPartOf":{"@id":"https:\/\/www.bisbatdemallorca.org\/en\/entre-dues-festes-sant-antoni-i-sant-sebastia-dos-referents-per-a-la-nostra-fe-i-la-nostra-cultura\/"},"author":{"name":"Administraci\u00f3 Bisbat de Mallorca","@id":"https:\/\/www.bisbatdemallorca.org\/ca\/#\/schema\/person\/9d198fedaef82cec34c41260a51964a6"},"headline":"Entre dos fiestas: san Antonio y san Sebasti\u00e1n, dos referentes para nuestra fe y nuestra cultura","datePublished":"2026-01-18T08:29:13+00:00","mainEntityOfPage":{"@id":"https:\/\/www.bisbatdemallorca.org\/en\/entre-dues-festes-sant-antoni-i-sant-sebastia-dos-referents-per-a-la-nostra-fe-i-la-nostra-cultura\/"},"wordCount":1337,"publisher":{"@id":"https:\/\/www.bisbatdemallorca.org\/ca\/#organization"},"articleSection":["Articles del Bisbe"],"inLanguage":"en-US"},{"@type":"WebPage","@id":"https:\/\/www.bisbatdemallorca.org\/en\/entre-dues-festes-sant-antoni-i-sant-sebastia-dos-referents-per-a-la-nostra-fe-i-la-nostra-cultura\/","url":"https:\/\/www.bisbatdemallorca.org\/en\/entre-dues-festes-sant-antoni-i-sant-sebastia-dos-referents-per-a-la-nostra-fe-i-la-nostra-cultura\/","name":"Entre dos fiestas: san Antonio y san Sebasti\u00e1n, dos referentes para nuestra fe y nuestra cultura","isPartOf":{"@id":"https:\/\/www.bisbatdemallorca.org\/ca\/#website"},"datePublished":"2026-01-18T08:29:13+00:00","breadcrumb":{"@id":"https:\/\/www.bisbatdemallorca.org\/en\/entre-dues-festes-sant-antoni-i-sant-sebastia-dos-referents-per-a-la-nostra-fe-i-la-nostra-cultura\/#breadcrumb"},"inLanguage":"en-US","potentialAction":[{"@type":"ReadAction","target":["https:\/\/www.bisbatdemallorca.org\/en\/entre-dues-festes-sant-antoni-i-sant-sebastia-dos-referents-per-a-la-nostra-fe-i-la-nostra-cultura\/"]}]},{"@type":"BreadcrumbList","@id":"https:\/\/www.bisbatdemallorca.org\/en\/entre-dues-festes-sant-antoni-i-sant-sebastia-dos-referents-per-a-la-nostra-fe-i-la-nostra-cultura\/#breadcrumb","itemListElement":[{"@type":"ListItem","position":1,"name":"Portada","item":"https:\/\/www.bisbatdemallorca.org\/ca\/"},{"@type":"ListItem","position":2,"name":"Entre dos fiestas: san Antonio y san Sebasti\u00e1n, dos referentes para nuestra fe y nuestra cultura"}]},{"@type":"WebSite","@id":"https:\/\/www.bisbatdemallorca.org\/ca\/#website","url":"https:\/\/www.bisbatdemallorca.org\/ca\/","name":"Bisbat de Mallorca","description":"Just another WordPress site","publisher":{"@id":"https:\/\/www.bisbatdemallorca.org\/ca\/#organization"},"potentialAction":[{"@type":"SearchAction","target":{"@type":"EntryPoint","urlTemplate":"https:\/\/www.bisbatdemallorca.org\/ca\/?s={search_term_string}"},"query-input":{"@type":"PropertyValueSpecification","valueRequired":true,"valueName":"search_term_string"}}],"inLanguage":"en-US"},{"@type":"Organization","@id":"https:\/\/www.bisbatdemallorca.org\/ca\/#organization","name":"Bisbat De Mallorca","url":"https:\/\/www.bisbatdemallorca.org\/ca\/","logo":{"@type":"ImageObject","inLanguage":"en-US","@id":"https:\/\/www.bisbatdemallorca.org\/ca\/#\/schema\/logo\/image\/","url":"https:\/\/bisbatdemallorca.org\/wp-content\/uploads\/2022\/04\/Logo_Bisbat-de-Mallorca-scaled.jpeg","contentUrl":"https:\/\/bisbatdemallorca.org\/wp-content\/uploads\/2022\/04\/Logo_Bisbat-de-Mallorca-scaled.jpeg","width":2560,"height":1810,"caption":"Bisbat De Mallorca"},"image":{"@id":"https:\/\/www.bisbatdemallorca.org\/ca\/#\/schema\/logo\/image\/"}},{"@type":"Person","@id":"https:\/\/www.bisbatdemallorca.org\/ca\/#\/schema\/person\/9d198fedaef82cec34c41260a51964a6","name":"Administraci\u00f3 Bisbat de Mallorca","image":{"@type":"ImageObject","inLanguage":"en-US","@id":"https:\/\/www.bisbatdemallorca.org\/ca\/#\/schema\/person\/image\/","url":"https:\/\/secure.gravatar.com\/avatar\/cc0dac0bd15aa6305e120ea8e5b6c12f94c8fe06a53230fa56abffe62cefceb4?s=96&d=mm&r=g","contentUrl":"https:\/\/secure.gravatar.com\/avatar\/cc0dac0bd15aa6305e120ea8e5b6c12f94c8fe06a53230fa56abffe62cefceb4?s=96&d=mm&r=g","caption":"Administraci\u00f3 Bisbat de Mallorca"},"sameAs":["https:\/\/bisbatdemallorca.org"],"url":"https:\/\/www.bisbatdemallorca.org\/en\/author\/administraciobisbat\/"}]}},"_links":{"self":[{"href":"https:\/\/www.bisbatdemallorca.org\/en\/wp-json\/wp\/v2\/posts\/30698","targetHints":{"allow":["GET"]}}],"collection":[{"href":"https:\/\/www.bisbatdemallorca.org\/en\/wp-json\/wp\/v2\/posts"}],"about":[{"href":"https:\/\/www.bisbatdemallorca.org\/en\/wp-json\/wp\/v2\/types\/post"}],"author":[{"embeddable":true,"href":"https:\/\/www.bisbatdemallorca.org\/en\/wp-json\/wp\/v2\/users\/2"}],"replies":[{"embeddable":true,"href":"https:\/\/www.bisbatdemallorca.org\/en\/wp-json\/wp\/v2\/comments?post=30698"}],"version-history":[{"count":0,"href":"https:\/\/www.bisbatdemallorca.org\/en\/wp-json\/wp\/v2\/posts\/30698\/revisions"}],"wp:attachment":[{"href":"https:\/\/www.bisbatdemallorca.org\/en\/wp-json\/wp\/v2\/media?parent=30698"}],"wp:term":[{"taxonomy":"category","embeddable":true,"href":"https:\/\/www.bisbatdemallorca.org\/en\/wp-json\/wp\/v2\/categories?post=30698"},{"taxonomy":"post_tag","embeddable":true,"href":"https:\/\/www.bisbatdemallorca.org\/en\/wp-json\/wp\/v2\/tags?post=30698"}],"curies":[{"name":"wp","href":"https:\/\/api.w.org\/{rel}","templated":true}]}}