{"id":30701,"date":"2026-01-25T09:31:37","date_gmt":"2026-01-25T08:31:37","guid":{"rendered":"https:\/\/www.bisbatdemallorca.org\/ca\/?p=30701"},"modified":"2026-01-16T09:32:39","modified_gmt":"2026-01-16T08:32:39","slug":"estar-units-viure-en-comunio-ens-fa-creibles","status":"publish","type":"post","link":"https:\/\/www.bisbatdemallorca.org\/en\/estar-units-viure-en-comunio-ens-fa-creibles\/","title":{"rendered":"Estar unidos, vivir en comuni\u00f3n, nos hace cre\u00edbles"},"content":{"rendered":"<p>Es impresionante contemplar c\u00f3mo ora Jes\u00fas. Su obsesi\u00f3n es la unidad, la nuestra y con Dios, que es su fundamento. Lo dice as\u00ed: \u00ab<strong><em>Que todos sean uno, que tambi\u00e9n ellos est\u00e9n en nosotros, para que el mundo crea que t\u00fa me has enviado<\/em><\/strong>\u00bb (<em>Jn <\/em>17,21). La finalidad de la unidad entre nosotros es que seamos causa de <em>buen entendimiento<\/em>, de <em>escucha mutua<\/em> y de <em>comprensi\u00f3n<\/em> en nuestras relaciones humanas. Unidad de coraz\u00f3n, de proyectos, de intenciones, de todo lo que nos tiene que dignificar y ayudar a relacionarnos como <em>personas de buen trato<\/em>. Si lo hacemos as\u00ed, es para hacer frente a la dispersi\u00f3n, a las desavenencias, a las rupturas, a lo que nos separa y nos a\u00edsla. Es triste padecerlo cuando nos afecta de cerca y toca a familias y amigos, a personas que han vivido la gratificante experiencia de amarse y compartir vida.<\/p>\n<p>El papa Le\u00f3n XIV, desde el primer momento, dio esta consigna para que la hici\u00e9semos nuestra: <strong>amor<\/strong> y <strong>unidad<\/strong>. Dijo: \u00ab<em>vengo a ustedes como un hermano<\/em>\u00a0que quiere hacerse siervo de su fe y de su alegr\u00eda, caminando con ustedes por el camino del amor de Dios, que nos quiere a todos unidos en una \u00fanica familia. <em>Amor y unidad<\/em>: estas son las dos dimensiones de la misi\u00f3n que Jes\u00fas confi\u00f3 a Pedro. Nos lo narra ese pasaje del Evangelio que nos conduce al lago de Tiber\u00edades, el mismo donde Jes\u00fas hab\u00eda comenzado la misi\u00f3n recibida del Padre: \u201cpescar\u201d a la humanidad para salvarla de las aguas del mal y de la muerte. Pasando por la orilla de ese lago, hab\u00eda llamado a Pedro y a los primeros disc\u00edpulos a ser como \u00c9l \u201cpescadores de hombres\u201d; y ahora, despu\u00e9s de la resurrecci\u00f3n, les corresponde precisamente a ellos llevar adelante esta misi\u00f3n: no dejar de lanzar la red para sumergir la esperanza del Evangelio en las aguas del mundo; navegar en el mar de la vida para que todos puedan reunirse en el abrazo de Dios\u00bb.<\/p>\n<p>Despu\u00e9s de una <em>semana dedicada a orar por la unidad de nuestras iglesias y comunidades cristianas<\/em>, nos puede venir bien <strong>pensar c\u00f3mo crear esta unidad<\/strong> empezando por <em>nuestro coraz\u00f3n<\/em>, la unidad en uno mismo viviendo reconciliado, siguiendo con la realidad de cada una de <em>nuestras familias<\/em>, tantas veces deshechas por prejuicios o historias que nunca encuentran la soluci\u00f3n del arrepentimiento y del perd\u00f3n. Pensemos en la necesaria unidad en <em>nuestras parroquias y grupos cristianos<\/em>, donde el ejercicio debe ser crear v\u00ednculos que nos den el gozo de vivir en comuni\u00f3n, trabajando juntos y haciendo el bien sin divisi\u00f3n ni dispersi\u00f3n. Un gran deseo, el de una Iglesia de hermanos, signo de <em>unidad<\/em> y <em>comuni\u00f3n<\/em>, que se convierte en <strong>fermento<\/strong> para un mundo reconciliado.<\/p>\n<p>Y, desde esta visi\u00f3n esperanzada, <strong>mirar con amor el mundo que nos rodea<\/strong>, el de m\u00e1s cerca y el de m\u00e1s lejos, justo en un momento de <em>discordias<\/em>, de muchas <em>heridas<\/em> causadas por el <em>odio<\/em>, por el <em>dominio<\/em> de unos sobre otros, un momento de <em>intranquilidad<\/em>, de <em>violencia<\/em> organizada, de miedo a lo que es diferente, de una <em>econom\u00eda<\/em> que explota los recursos de la tierra, que favorece a unos pocos que se enriquecen y provoca la <em>marginaci\u00f3n<\/em> de los m\u00e1s pobres, que no llega a solucionar el grave problema de la vivienda ni la acogida digna de la migraci\u00f3n. En esta situaci\u00f3n que nos toca vivir y tambi\u00e9n padecer, tenemos que hacer caso de Jes\u00fas y de su propuesta de amor para formar una sola familia y construir una sociedad en paz, poniendo todos los medios que est\u00e9n a nuestro alcance y con la convicci\u00f3n de que nos env\u00eda. Por algo Jes\u00fas dice en el Evangelio: \u00ab<strong><em>Venid conmigo, y os har\u00e9 pescadores de hombres<\/em><\/strong>\u00bb (<em>Mt<\/em> 4,12-23). Por alg\u00fan motivo, el Evangelio recoge la reacci\u00f3n de los disc\u00edpulos y su resultado: \u00ab<strong><em>Inmediatamente dejaron las redes y se fueron con \u00e9l<\/em><\/strong>\u00bb. Y nosotros, \u00bfqu\u00e9?<\/p>\n","protected":false},"excerpt":{"rendered":"<p>Es impresionante contemplar c\u00f3mo ora Jes\u00fas. Su obsesi\u00f3n es la  [&#8230;]<\/p>\n","protected":false},"author":2,"featured_media":0,"comment_status":"closed","ping_status":"open","sticky":false,"template":"","format":"standard","meta":{"footnotes":""},"categories":[39],"tags":[],"class_list":["post-30701","post","type-post","status-publish","format-standard","hentry","category-articles-del-bisbe"],"yoast_head":"<!-- This site is optimized with the Yoast SEO plugin v27.0 - https:\/\/yoast.com\/product\/yoast-seo-wordpress\/ -->\n<title>Estar unidos, vivir en comuni\u00f3n, nos hace cre\u00edbles<\/title>\n<meta name=\"robots\" content=\"index, follow, max-snippet:-1, max-image-preview:large, max-video-preview:-1\" \/>\n<link rel=\"canonical\" href=\"https:\/\/www.bisbatdemallorca.org\/en\/estar-units-viure-en-comunio-ens-fa-creibles\/\" \/>\n<meta property=\"og:locale\" content=\"en_US\" \/>\n<meta property=\"og:locale:alternate\" content=\"ca\" \/>\n<meta property=\"og:locale:alternate\" content=\"es_ES\" \/>\n<meta property=\"og:type\" content=\"article\" \/>\n<meta property=\"og:title\" content=\"Estar unidos, vivir en comuni\u00f3n, nos hace cre\u00edbles\" \/>\n<meta property=\"og:description\" content=\"Es impresionante contemplar c\u00f3mo ora Jes\u00fas. Su obsesi\u00f3n es la [...]\" \/>\n<meta property=\"og:url\" content=\"https:\/\/www.bisbatdemallorca.org\/en\/estar-units-viure-en-comunio-ens-fa-creibles\/\" \/>\n<meta property=\"og:site_name\" content=\"Bisbat de Mallorca\" \/>\n<meta property=\"article:published_time\" content=\"2026-01-25T08:31:37+00:00\" \/>\n<meta name=\"author\" content=\"Administraci\u00f3 Bisbat de Mallorca\" \/>\n<meta name=\"twitter:card\" content=\"summary_large_image\" \/>\n<meta name=\"twitter:label1\" content=\"Written by\" \/>\n\t<meta name=\"twitter:data1\" content=\"Administraci\u00f3 Bisbat de Mallorca\" \/>\n\t<meta name=\"twitter:label2\" content=\"Est. reading time\" \/>\n\t<meta name=\"twitter:data2\" content=\"3 minutes\" \/>\n<script type=\"application\/ld+json\" class=\"yoast-schema-graph\">{\"@context\":\"https:\/\/schema.org\",\"@graph\":[{\"@type\":\"Article\",\"@id\":\"https:\/\/www.bisbatdemallorca.org\/en\/estar-units-viure-en-comunio-ens-fa-creibles\/#article\",\"isPartOf\":{\"@id\":\"https:\/\/www.bisbatdemallorca.org\/en\/estar-units-viure-en-comunio-ens-fa-creibles\/\"},\"author\":{\"name\":\"Administraci\u00f3 Bisbat de Mallorca\",\"@id\":\"https:\/\/www.bisbatdemallorca.org\/ca\/#\/schema\/person\/9d198fedaef82cec34c41260a51964a6\"},\"headline\":\"Estar unidos, vivir en comuni\u00f3n, nos hace cre\u00edbles\",\"datePublished\":\"2026-01-25T08:31:37+00:00\",\"mainEntityOfPage\":{\"@id\":\"https:\/\/www.bisbatdemallorca.org\/en\/estar-units-viure-en-comunio-ens-fa-creibles\/\"},\"wordCount\":1419,\"publisher\":{\"@id\":\"https:\/\/www.bisbatdemallorca.org\/ca\/#organization\"},\"articleSection\":[\"Articles del Bisbe\"],\"inLanguage\":\"en-US\"},{\"@type\":\"WebPage\",\"@id\":\"https:\/\/www.bisbatdemallorca.org\/en\/estar-units-viure-en-comunio-ens-fa-creibles\/\",\"url\":\"https:\/\/www.bisbatdemallorca.org\/en\/estar-units-viure-en-comunio-ens-fa-creibles\/\",\"name\":\"Estar unidos, vivir en comuni\u00f3n, nos hace cre\u00edbles\",\"isPartOf\":{\"@id\":\"https:\/\/www.bisbatdemallorca.org\/ca\/#website\"},\"datePublished\":\"2026-01-25T08:31:37+00:00\",\"breadcrumb\":{\"@id\":\"https:\/\/www.bisbatdemallorca.org\/en\/estar-units-viure-en-comunio-ens-fa-creibles\/#breadcrumb\"},\"inLanguage\":\"en-US\",\"potentialAction\":[{\"@type\":\"ReadAction\",\"target\":[\"https:\/\/www.bisbatdemallorca.org\/en\/estar-units-viure-en-comunio-ens-fa-creibles\/\"]}]},{\"@type\":\"BreadcrumbList\",\"@id\":\"https:\/\/www.bisbatdemallorca.org\/en\/estar-units-viure-en-comunio-ens-fa-creibles\/#breadcrumb\",\"itemListElement\":[{\"@type\":\"ListItem\",\"position\":1,\"name\":\"Portada\",\"item\":\"https:\/\/www.bisbatdemallorca.org\/ca\/\"},{\"@type\":\"ListItem\",\"position\":2,\"name\":\"Estar unidos, vivir en comuni\u00f3n, nos hace cre\u00edbles\"}]},{\"@type\":\"WebSite\",\"@id\":\"https:\/\/www.bisbatdemallorca.org\/ca\/#website\",\"url\":\"https:\/\/www.bisbatdemallorca.org\/ca\/\",\"name\":\"Bisbat de Mallorca\",\"description\":\"Just another WordPress site\",\"publisher\":{\"@id\":\"https:\/\/www.bisbatdemallorca.org\/ca\/#organization\"},\"potentialAction\":[{\"@type\":\"SearchAction\",\"target\":{\"@type\":\"EntryPoint\",\"urlTemplate\":\"https:\/\/www.bisbatdemallorca.org\/ca\/?s={search_term_string}\"},\"query-input\":{\"@type\":\"PropertyValueSpecification\",\"valueRequired\":true,\"valueName\":\"search_term_string\"}}],\"inLanguage\":\"en-US\"},{\"@type\":\"Organization\",\"@id\":\"https:\/\/www.bisbatdemallorca.org\/ca\/#organization\",\"name\":\"Bisbat De Mallorca\",\"url\":\"https:\/\/www.bisbatdemallorca.org\/ca\/\",\"logo\":{\"@type\":\"ImageObject\",\"inLanguage\":\"en-US\",\"@id\":\"https:\/\/www.bisbatdemallorca.org\/ca\/#\/schema\/logo\/image\/\",\"url\":\"https:\/\/bisbatdemallorca.org\/wp-content\/uploads\/2022\/04\/Logo_Bisbat-de-Mallorca-scaled.jpeg\",\"contentUrl\":\"https:\/\/bisbatdemallorca.org\/wp-content\/uploads\/2022\/04\/Logo_Bisbat-de-Mallorca-scaled.jpeg\",\"width\":2560,\"height\":1810,\"caption\":\"Bisbat De Mallorca\"},\"image\":{\"@id\":\"https:\/\/www.bisbatdemallorca.org\/ca\/#\/schema\/logo\/image\/\"}},{\"@type\":\"Person\",\"@id\":\"https:\/\/www.bisbatdemallorca.org\/ca\/#\/schema\/person\/9d198fedaef82cec34c41260a51964a6\",\"name\":\"Administraci\u00f3 Bisbat de Mallorca\",\"image\":{\"@type\":\"ImageObject\",\"inLanguage\":\"en-US\",\"@id\":\"https:\/\/www.bisbatdemallorca.org\/ca\/#\/schema\/person\/image\/\",\"url\":\"https:\/\/secure.gravatar.com\/avatar\/cc0dac0bd15aa6305e120ea8e5b6c12f94c8fe06a53230fa56abffe62cefceb4?s=96&d=mm&r=g\",\"contentUrl\":\"https:\/\/secure.gravatar.com\/avatar\/cc0dac0bd15aa6305e120ea8e5b6c12f94c8fe06a53230fa56abffe62cefceb4?s=96&d=mm&r=g\",\"caption\":\"Administraci\u00f3 Bisbat de Mallorca\"},\"sameAs\":[\"https:\/\/bisbatdemallorca.org\"],\"url\":\"https:\/\/www.bisbatdemallorca.org\/en\/author\/administraciobisbat\/\"}]}<\/script>\n<!-- \/ Yoast SEO plugin. -->","yoast_head_json":{"title":"Estar unidos, vivir en comuni\u00f3n, nos hace cre\u00edbles","robots":{"index":"index","follow":"follow","max-snippet":"max-snippet:-1","max-image-preview":"max-image-preview:large","max-video-preview":"max-video-preview:-1"},"canonical":"https:\/\/www.bisbatdemallorca.org\/en\/estar-units-viure-en-comunio-ens-fa-creibles\/","og_locale":"en_US","og_type":"article","og_title":"[:ca]Estar units, viure en comuni\u00f3, ens fa cre\u00efbles[:es]Estar unidos, vivir en comuni\u00f3n, nos hace cre\u00edbles[:] - Bisbat de Mallorca","og_description":"Es impresionante contemplar c\u00f3mo ora Jes\u00fas. Su obsesi\u00f3n es la [...]","og_url":"https:\/\/www.bisbatdemallorca.org\/en\/estar-units-viure-en-comunio-ens-fa-creibles\/","og_site_name":"Bisbat de Mallorca","article_published_time":"2026-01-25T08:31:37+00:00","author":"Administraci\u00f3 Bisbat de Mallorca","twitter_card":"summary_large_image","twitter_misc":{"Written by":"Administraci\u00f3 Bisbat de Mallorca","Est. reading time":"3 minutes"},"schema":{"@context":"https:\/\/schema.org","@graph":[{"@type":"Article","@id":"https:\/\/www.bisbatdemallorca.org\/en\/estar-units-viure-en-comunio-ens-fa-creibles\/#article","isPartOf":{"@id":"https:\/\/www.bisbatdemallorca.org\/en\/estar-units-viure-en-comunio-ens-fa-creibles\/"},"author":{"name":"Administraci\u00f3 Bisbat de Mallorca","@id":"https:\/\/www.bisbatdemallorca.org\/ca\/#\/schema\/person\/9d198fedaef82cec34c41260a51964a6"},"headline":"Estar unidos, vivir en comuni\u00f3n, nos hace cre\u00edbles","datePublished":"2026-01-25T08:31:37+00:00","mainEntityOfPage":{"@id":"https:\/\/www.bisbatdemallorca.org\/en\/estar-units-viure-en-comunio-ens-fa-creibles\/"},"wordCount":1419,"publisher":{"@id":"https:\/\/www.bisbatdemallorca.org\/ca\/#organization"},"articleSection":["Articles del Bisbe"],"inLanguage":"en-US"},{"@type":"WebPage","@id":"https:\/\/www.bisbatdemallorca.org\/en\/estar-units-viure-en-comunio-ens-fa-creibles\/","url":"https:\/\/www.bisbatdemallorca.org\/en\/estar-units-viure-en-comunio-ens-fa-creibles\/","name":"Estar unidos, vivir en comuni\u00f3n, nos hace cre\u00edbles","isPartOf":{"@id":"https:\/\/www.bisbatdemallorca.org\/ca\/#website"},"datePublished":"2026-01-25T08:31:37+00:00","breadcrumb":{"@id":"https:\/\/www.bisbatdemallorca.org\/en\/estar-units-viure-en-comunio-ens-fa-creibles\/#breadcrumb"},"inLanguage":"en-US","potentialAction":[{"@type":"ReadAction","target":["https:\/\/www.bisbatdemallorca.org\/en\/estar-units-viure-en-comunio-ens-fa-creibles\/"]}]},{"@type":"BreadcrumbList","@id":"https:\/\/www.bisbatdemallorca.org\/en\/estar-units-viure-en-comunio-ens-fa-creibles\/#breadcrumb","itemListElement":[{"@type":"ListItem","position":1,"name":"Portada","item":"https:\/\/www.bisbatdemallorca.org\/ca\/"},{"@type":"ListItem","position":2,"name":"Estar unidos, vivir en comuni\u00f3n, nos hace cre\u00edbles"}]},{"@type":"WebSite","@id":"https:\/\/www.bisbatdemallorca.org\/ca\/#website","url":"https:\/\/www.bisbatdemallorca.org\/ca\/","name":"Bisbat de Mallorca","description":"Just another WordPress site","publisher":{"@id":"https:\/\/www.bisbatdemallorca.org\/ca\/#organization"},"potentialAction":[{"@type":"SearchAction","target":{"@type":"EntryPoint","urlTemplate":"https:\/\/www.bisbatdemallorca.org\/ca\/?s={search_term_string}"},"query-input":{"@type":"PropertyValueSpecification","valueRequired":true,"valueName":"search_term_string"}}],"inLanguage":"en-US"},{"@type":"Organization","@id":"https:\/\/www.bisbatdemallorca.org\/ca\/#organization","name":"Bisbat De Mallorca","url":"https:\/\/www.bisbatdemallorca.org\/ca\/","logo":{"@type":"ImageObject","inLanguage":"en-US","@id":"https:\/\/www.bisbatdemallorca.org\/ca\/#\/schema\/logo\/image\/","url":"https:\/\/bisbatdemallorca.org\/wp-content\/uploads\/2022\/04\/Logo_Bisbat-de-Mallorca-scaled.jpeg","contentUrl":"https:\/\/bisbatdemallorca.org\/wp-content\/uploads\/2022\/04\/Logo_Bisbat-de-Mallorca-scaled.jpeg","width":2560,"height":1810,"caption":"Bisbat De Mallorca"},"image":{"@id":"https:\/\/www.bisbatdemallorca.org\/ca\/#\/schema\/logo\/image\/"}},{"@type":"Person","@id":"https:\/\/www.bisbatdemallorca.org\/ca\/#\/schema\/person\/9d198fedaef82cec34c41260a51964a6","name":"Administraci\u00f3 Bisbat de Mallorca","image":{"@type":"ImageObject","inLanguage":"en-US","@id":"https:\/\/www.bisbatdemallorca.org\/ca\/#\/schema\/person\/image\/","url":"https:\/\/secure.gravatar.com\/avatar\/cc0dac0bd15aa6305e120ea8e5b6c12f94c8fe06a53230fa56abffe62cefceb4?s=96&d=mm&r=g","contentUrl":"https:\/\/secure.gravatar.com\/avatar\/cc0dac0bd15aa6305e120ea8e5b6c12f94c8fe06a53230fa56abffe62cefceb4?s=96&d=mm&r=g","caption":"Administraci\u00f3 Bisbat de Mallorca"},"sameAs":["https:\/\/bisbatdemallorca.org"],"url":"https:\/\/www.bisbatdemallorca.org\/en\/author\/administraciobisbat\/"}]}},"_links":{"self":[{"href":"https:\/\/www.bisbatdemallorca.org\/en\/wp-json\/wp\/v2\/posts\/30701","targetHints":{"allow":["GET"]}}],"collection":[{"href":"https:\/\/www.bisbatdemallorca.org\/en\/wp-json\/wp\/v2\/posts"}],"about":[{"href":"https:\/\/www.bisbatdemallorca.org\/en\/wp-json\/wp\/v2\/types\/post"}],"author":[{"embeddable":true,"href":"https:\/\/www.bisbatdemallorca.org\/en\/wp-json\/wp\/v2\/users\/2"}],"replies":[{"embeddable":true,"href":"https:\/\/www.bisbatdemallorca.org\/en\/wp-json\/wp\/v2\/comments?post=30701"}],"version-history":[{"count":0,"href":"https:\/\/www.bisbatdemallorca.org\/en\/wp-json\/wp\/v2\/posts\/30701\/revisions"}],"wp:attachment":[{"href":"https:\/\/www.bisbatdemallorca.org\/en\/wp-json\/wp\/v2\/media?parent=30701"}],"wp:term":[{"taxonomy":"category","embeddable":true,"href":"https:\/\/www.bisbatdemallorca.org\/en\/wp-json\/wp\/v2\/categories?post=30701"},{"taxonomy":"post_tag","embeddable":true,"href":"https:\/\/www.bisbatdemallorca.org\/en\/wp-json\/wp\/v2\/tags?post=30701"}],"curies":[{"name":"wp","href":"https:\/\/api.w.org\/{rel}","templated":true}]}}