{"id":31150,"date":"2026-03-01T09:42:12","date_gmt":"2026-03-01T08:42:12","guid":{"rendered":"https:\/\/www.bisbatdemallorca.org\/ca\/?p=31150"},"modified":"2026-02-23T09:43:19","modified_gmt":"2026-02-23T08:43:19","slug":"litinerari-quaresmal-ens-demana-escoltar","status":"publish","type":"post","link":"https:\/\/www.bisbatdemallorca.org\/en\/litinerari-quaresmal-ens-demana-escoltar\/","title":{"rendered":"El itinerario cuaresmal nos pide \u00abescuchar\u00bb"},"content":{"rendered":"<p>Segundo domingo de Cuaresma. Un paso m\u00e1s en el itinerario cuaresmal y a <strong>la escucha de la Palabra de Dios<\/strong>, que hoy nos muestra el misterio de Cristo en el relato de la Transfiguraci\u00f3n. Una invitaci\u00f3n a la transparencia, a la luminosidad del testimonio, a la limpieza del lenguaje. Un buen programa para que la presencia de Jes\u00fas nos acompa\u00f1e y nos ayude. Desde el que podemos vivir una vida \u00abtransfigurada\u00bb, a pesar de ser conscientes de las limitaciones que nos impiden ver m\u00e1s all\u00e1 y que tenemos que someter a un \u00abayuno\u00bb que nos resit\u00fae, nos restituya y nos disponga -con <em>actitud de escucha<\/em>&#8211; a la acogida de la Palabra de Dios, a conocerla, aprenderla y llevarla al caminar de cada d\u00eda.<\/p>\n<p>Ser\u00e1 importante para nosotros, como lo fue para los disc\u00edpulos que acompa\u00f1aban a Jes\u00fas, descubrir como en un <em>flash <\/em>la verdad de su <strong>persona<\/strong> y su <strong>misi\u00f3n<\/strong>. La compa\u00f1\u00eda de Jes\u00fas se hace revelaci\u00f3n de su vida y experimentan su proximidad, el resplandor de su persona. Tanto es as\u00ed que la expresi\u00f3n espont\u00e1nea de Pedro hace ver lo que realmente experimenta su coraz\u00f3n: \u00ab<strong><em>Se\u00f1or, \u00a1qu\u00e9 bueno es estar aqu\u00ed!<\/em><\/strong>\u00bb (<em>Mt<\/em> 17,4). Ciertamente, el encuentro con el Se\u00f1or es siempre <em>gratificante<\/em> y <em>fuente de felicidad<\/em>, m\u00e1s a\u00fan, cuando esta percepci\u00f3n proviene de la confianza en \u00c9l, signo inequ\u00edvoco de nuestra adhesi\u00f3n y seguimiento incondicional. He aqu\u00ed el mensaje que recibimos: <strong>\u00ab<em>Este es mi Hijo amado, mi predilecto, escuchadlo<\/em><\/strong><strong>\u00bb<\/strong> (<em>Mt<\/em> 17,5). \u00a1Ya no puede decirse m\u00e1s claro!<\/p>\n<p>En este sentido, y como preparaci\u00f3n al encuentro con Cristo, <strong>la Palabra de Dios nos presenta el valor de la fe, <\/strong>en lo que comporta de <em>desinstalaci\u00f3n personal<\/em> y de <em>aventura<\/em>. Abraham ha sido llamado <em>padre de los creyentes<\/em>, porque se condensa en \u00e9l la primera noticia de una respuesta personal a la iniciativa de Dios de constituir su pueblo. As\u00ed se desarrolla nuestra vida de creyentes: entre <strong>pregunta<\/strong> y <strong>respuesta<\/strong>, entre <strong>propuesta<\/strong> y <strong>aceptaci\u00f3n<\/strong>. En su Mensaje para la Cuaresma, el papa Le\u00f3n nos propone \u00ab<strong>escuchar<\/strong>\u00bb, que significa dar paso a la Palabra a trav\u00e9s de la escucha, es decir, estar atentos al clamor de los pobres y excluidos, reflejado en la Palabra de Dios, que siempre se hace eco de ello. Para empezar, dir\u00e1 que \u00ab<em>la escucha de la Palabra en la liturgia nos educa para una escucha m\u00e1s verdadera de la realidad. Entre las muchas voces que atraviesan nuestra vida personal y social, las Sagradas Escrituras nos hacen capaces de reconocer la voz que clama desde el sufrimiento y la injusticia, para que no quede sin respuesta. Entrar en esta disposici\u00f3n interior de receptividad significa dejarnos instruir hoy por Dios para escuchar\u00a0como\u00a0\u00c9l, hasta reconocer que la condici\u00f3n de los pobres representa un grito que, en la historia de la humanidad, interpela constantemente nuestra vida, nuestras sociedades, los sistemas pol\u00edticos y econ\u00f3micos, y especialmente a la Iglesia<\/em>\u00bb.<\/p>\n<p>&nbsp;<\/p>\n<p><strong>Contemplar al Cristo transfigurado<\/strong> tambi\u00e9n nos hace <em>contemplar el futuro con esperanza<\/em>, porque la salvaci\u00f3n vendr\u00e1 de su radical entrega por amor. Con todo, hay que decir que se trata de una contemplaci\u00f3n que conduce a la \u00abbelleza\u00bb de la cruz, tan in\u00e9dita y tan dif\u00edcil de entender cuando preferimos el deslumbramiento a la luz. Contemplar a Cristo en el misterio de la Transfiguraci\u00f3n, en su anticipaci\u00f3n gloriosa como Resucitado, nos ayuda a entender que <em>una nueva luz se proyecta sobre el camino de la cruz<\/em> y, a su lado, sobre <em>el camino de tantos crucificados de hoy<\/em>. Una nueva luz aparece en el horizonte de la humanidad.<\/p>\n<p>&nbsp;<\/p>\n","protected":false},"excerpt":{"rendered":"<p>Segundo domingo de Cuaresma. Un paso m\u00e1s en el itinerario  [&#8230;]<\/p>\n","protected":false},"author":2,"featured_media":0,"comment_status":"closed","ping_status":"open","sticky":false,"template":"","format":"standard","meta":{"footnotes":""},"categories":[39],"tags":[],"class_list":["post-31150","post","type-post","status-publish","format-standard","hentry","category-articles-del-bisbe"],"yoast_head":"<!-- This site is optimized with the Yoast SEO plugin v27.0 - https:\/\/yoast.com\/product\/yoast-seo-wordpress\/ -->\n<title>El itinerario cuaresmal nos pide \u00abescuchar\u00bb<\/title>\n<meta name=\"robots\" content=\"index, follow, max-snippet:-1, max-image-preview:large, max-video-preview:-1\" \/>\n<link rel=\"canonical\" href=\"https:\/\/www.bisbatdemallorca.org\/en\/litinerari-quaresmal-ens-demana-escoltar\/\" \/>\n<meta property=\"og:locale\" content=\"en_US\" \/>\n<meta property=\"og:locale:alternate\" content=\"ca\" \/>\n<meta property=\"og:locale:alternate\" content=\"es_ES\" \/>\n<meta property=\"og:type\" content=\"article\" \/>\n<meta property=\"og:title\" content=\"El itinerario cuaresmal nos pide \u00abescuchar\u00bb\" \/>\n<meta property=\"og:description\" content=\"Segundo domingo de Cuaresma. Un paso m\u00e1s en el itinerario [...]\" \/>\n<meta property=\"og:url\" content=\"https:\/\/www.bisbatdemallorca.org\/en\/litinerari-quaresmal-ens-demana-escoltar\/\" \/>\n<meta property=\"og:site_name\" content=\"Bisbat de Mallorca\" \/>\n<meta property=\"article:published_time\" content=\"2026-03-01T08:42:12+00:00\" \/>\n<meta name=\"author\" content=\"Administraci\u00f3 Bisbat de Mallorca\" \/>\n<meta name=\"twitter:card\" content=\"summary_large_image\" \/>\n<meta name=\"twitter:label1\" content=\"Written by\" \/>\n\t<meta name=\"twitter:data1\" content=\"Administraci\u00f3 Bisbat de Mallorca\" \/>\n\t<meta name=\"twitter:label2\" content=\"Est. reading time\" \/>\n\t<meta name=\"twitter:data2\" content=\"3 minutes\" \/>\n<script type=\"application\/ld+json\" class=\"yoast-schema-graph\">{\"@context\":\"https:\/\/schema.org\",\"@graph\":[{\"@type\":\"Article\",\"@id\":\"https:\/\/www.bisbatdemallorca.org\/litinerari-quaresmal-ens-demana-escoltar\/#article\",\"isPartOf\":{\"@id\":\"https:\/\/www.bisbatdemallorca.org\/litinerari-quaresmal-ens-demana-escoltar\/\"},\"author\":{\"name\":\"Administraci\u00f3 Bisbat de Mallorca\",\"@id\":\"https:\/\/www.bisbatdemallorca.org\/ca\/#\/schema\/person\/9d198fedaef82cec34c41260a51964a6\"},\"headline\":\"El itinerario cuaresmal nos pide \u00abescuchar\u00bb\",\"datePublished\":\"2026-03-01T08:42:12+00:00\",\"mainEntityOfPage\":{\"@id\":\"https:\/\/www.bisbatdemallorca.org\/litinerari-quaresmal-ens-demana-escoltar\/\"},\"wordCount\":1294,\"publisher\":{\"@id\":\"https:\/\/www.bisbatdemallorca.org\/ca\/#organization\"},\"articleSection\":[\"Articles del Bisbe\"],\"inLanguage\":\"en-US\"},{\"@type\":\"WebPage\",\"@id\":\"https:\/\/www.bisbatdemallorca.org\/litinerari-quaresmal-ens-demana-escoltar\/\",\"url\":\"https:\/\/www.bisbatdemallorca.org\/litinerari-quaresmal-ens-demana-escoltar\/\",\"name\":\"El itinerario cuaresmal nos pide \u00abescuchar\u00bb\",\"isPartOf\":{\"@id\":\"https:\/\/www.bisbatdemallorca.org\/ca\/#website\"},\"datePublished\":\"2026-03-01T08:42:12+00:00\",\"breadcrumb\":{\"@id\":\"https:\/\/www.bisbatdemallorca.org\/litinerari-quaresmal-ens-demana-escoltar\/#breadcrumb\"},\"inLanguage\":\"en-US\",\"potentialAction\":[{\"@type\":\"ReadAction\",\"target\":[\"https:\/\/www.bisbatdemallorca.org\/litinerari-quaresmal-ens-demana-escoltar\/\"]}]},{\"@type\":\"BreadcrumbList\",\"@id\":\"https:\/\/www.bisbatdemallorca.org\/litinerari-quaresmal-ens-demana-escoltar\/#breadcrumb\",\"itemListElement\":[{\"@type\":\"ListItem\",\"position\":1,\"name\":\"Portada\",\"item\":\"https:\/\/www.bisbatdemallorca.org\/ca\/\"},{\"@type\":\"ListItem\",\"position\":2,\"name\":\"El itinerario cuaresmal nos pide \u00abescuchar\u00bb\"}]},{\"@type\":\"WebSite\",\"@id\":\"https:\/\/www.bisbatdemallorca.org\/ca\/#website\",\"url\":\"https:\/\/www.bisbatdemallorca.org\/ca\/\",\"name\":\"Bisbat de Mallorca\",\"description\":\"Just another WordPress site\",\"publisher\":{\"@id\":\"https:\/\/www.bisbatdemallorca.org\/ca\/#organization\"},\"potentialAction\":[{\"@type\":\"SearchAction\",\"target\":{\"@type\":\"EntryPoint\",\"urlTemplate\":\"https:\/\/www.bisbatdemallorca.org\/ca\/?s={search_term_string}\"},\"query-input\":{\"@type\":\"PropertyValueSpecification\",\"valueRequired\":true,\"valueName\":\"search_term_string\"}}],\"inLanguage\":\"en-US\"},{\"@type\":\"Organization\",\"@id\":\"https:\/\/www.bisbatdemallorca.org\/ca\/#organization\",\"name\":\"Bisbat De Mallorca\",\"url\":\"https:\/\/www.bisbatdemallorca.org\/ca\/\",\"logo\":{\"@type\":\"ImageObject\",\"inLanguage\":\"en-US\",\"@id\":\"https:\/\/www.bisbatdemallorca.org\/ca\/#\/schema\/logo\/image\/\",\"url\":\"https:\/\/bisbatdemallorca.org\/wp-content\/uploads\/2022\/04\/Logo_Bisbat-de-Mallorca-scaled.jpeg\",\"contentUrl\":\"https:\/\/bisbatdemallorca.org\/wp-content\/uploads\/2022\/04\/Logo_Bisbat-de-Mallorca-scaled.jpeg\",\"width\":2560,\"height\":1810,\"caption\":\"Bisbat De Mallorca\"},\"image\":{\"@id\":\"https:\/\/www.bisbatdemallorca.org\/ca\/#\/schema\/logo\/image\/\"}},{\"@type\":\"Person\",\"@id\":\"https:\/\/www.bisbatdemallorca.org\/ca\/#\/schema\/person\/9d198fedaef82cec34c41260a51964a6\",\"name\":\"Administraci\u00f3 Bisbat de Mallorca\",\"image\":{\"@type\":\"ImageObject\",\"inLanguage\":\"en-US\",\"@id\":\"https:\/\/www.bisbatdemallorca.org\/ca\/#\/schema\/person\/image\/\",\"url\":\"https:\/\/secure.gravatar.com\/avatar\/cc0dac0bd15aa6305e120ea8e5b6c12f94c8fe06a53230fa56abffe62cefceb4?s=96&d=mm&r=g\",\"contentUrl\":\"https:\/\/secure.gravatar.com\/avatar\/cc0dac0bd15aa6305e120ea8e5b6c12f94c8fe06a53230fa56abffe62cefceb4?s=96&d=mm&r=g\",\"caption\":\"Administraci\u00f3 Bisbat de Mallorca\"},\"sameAs\":[\"https:\/\/bisbatdemallorca.org\"],\"url\":\"https:\/\/www.bisbatdemallorca.org\/en\/author\/administraciobisbat\/\"}]}<\/script>\n<!-- \/ Yoast SEO plugin. -->","yoast_head_json":{"title":"El itinerario cuaresmal nos pide \u00abescuchar\u00bb","robots":{"index":"index","follow":"follow","max-snippet":"max-snippet:-1","max-image-preview":"max-image-preview:large","max-video-preview":"max-video-preview:-1"},"canonical":"https:\/\/www.bisbatdemallorca.org\/en\/litinerari-quaresmal-ens-demana-escoltar\/","og_locale":"en_US","og_type":"article","og_title":"[:ca]L\u2019itinerari quaresmal ens demana \u00abescoltar\u00bb[:es]El itinerario cuaresmal nos pide \u00abescuchar\u00bb[:] - Bisbat de Mallorca","og_description":"Segundo domingo de Cuaresma. Un paso m\u00e1s en el itinerario [...]","og_url":"https:\/\/www.bisbatdemallorca.org\/en\/litinerari-quaresmal-ens-demana-escoltar\/","og_site_name":"Bisbat de Mallorca","article_published_time":"2026-03-01T08:42:12+00:00","author":"Administraci\u00f3 Bisbat de Mallorca","twitter_card":"summary_large_image","twitter_misc":{"Written by":"Administraci\u00f3 Bisbat de Mallorca","Est. reading time":"3 minutes"},"schema":{"@context":"https:\/\/schema.org","@graph":[{"@type":"Article","@id":"https:\/\/www.bisbatdemallorca.org\/litinerari-quaresmal-ens-demana-escoltar\/#article","isPartOf":{"@id":"https:\/\/www.bisbatdemallorca.org\/litinerari-quaresmal-ens-demana-escoltar\/"},"author":{"name":"Administraci\u00f3 Bisbat de Mallorca","@id":"https:\/\/www.bisbatdemallorca.org\/ca\/#\/schema\/person\/9d198fedaef82cec34c41260a51964a6"},"headline":"El itinerario cuaresmal nos pide \u00abescuchar\u00bb","datePublished":"2026-03-01T08:42:12+00:00","mainEntityOfPage":{"@id":"https:\/\/www.bisbatdemallorca.org\/litinerari-quaresmal-ens-demana-escoltar\/"},"wordCount":1294,"publisher":{"@id":"https:\/\/www.bisbatdemallorca.org\/ca\/#organization"},"articleSection":["Articles del Bisbe"],"inLanguage":"en-US"},{"@type":"WebPage","@id":"https:\/\/www.bisbatdemallorca.org\/litinerari-quaresmal-ens-demana-escoltar\/","url":"https:\/\/www.bisbatdemallorca.org\/litinerari-quaresmal-ens-demana-escoltar\/","name":"El itinerario cuaresmal nos pide \u00abescuchar\u00bb","isPartOf":{"@id":"https:\/\/www.bisbatdemallorca.org\/ca\/#website"},"datePublished":"2026-03-01T08:42:12+00:00","breadcrumb":{"@id":"https:\/\/www.bisbatdemallorca.org\/litinerari-quaresmal-ens-demana-escoltar\/#breadcrumb"},"inLanguage":"en-US","potentialAction":[{"@type":"ReadAction","target":["https:\/\/www.bisbatdemallorca.org\/litinerari-quaresmal-ens-demana-escoltar\/"]}]},{"@type":"BreadcrumbList","@id":"https:\/\/www.bisbatdemallorca.org\/litinerari-quaresmal-ens-demana-escoltar\/#breadcrumb","itemListElement":[{"@type":"ListItem","position":1,"name":"Portada","item":"https:\/\/www.bisbatdemallorca.org\/ca\/"},{"@type":"ListItem","position":2,"name":"El itinerario cuaresmal nos pide \u00abescuchar\u00bb"}]},{"@type":"WebSite","@id":"https:\/\/www.bisbatdemallorca.org\/ca\/#website","url":"https:\/\/www.bisbatdemallorca.org\/ca\/","name":"Bisbat de Mallorca","description":"Just another WordPress site","publisher":{"@id":"https:\/\/www.bisbatdemallorca.org\/ca\/#organization"},"potentialAction":[{"@type":"SearchAction","target":{"@type":"EntryPoint","urlTemplate":"https:\/\/www.bisbatdemallorca.org\/ca\/?s={search_term_string}"},"query-input":{"@type":"PropertyValueSpecification","valueRequired":true,"valueName":"search_term_string"}}],"inLanguage":"en-US"},{"@type":"Organization","@id":"https:\/\/www.bisbatdemallorca.org\/ca\/#organization","name":"Bisbat De Mallorca","url":"https:\/\/www.bisbatdemallorca.org\/ca\/","logo":{"@type":"ImageObject","inLanguage":"en-US","@id":"https:\/\/www.bisbatdemallorca.org\/ca\/#\/schema\/logo\/image\/","url":"https:\/\/bisbatdemallorca.org\/wp-content\/uploads\/2022\/04\/Logo_Bisbat-de-Mallorca-scaled.jpeg","contentUrl":"https:\/\/bisbatdemallorca.org\/wp-content\/uploads\/2022\/04\/Logo_Bisbat-de-Mallorca-scaled.jpeg","width":2560,"height":1810,"caption":"Bisbat De Mallorca"},"image":{"@id":"https:\/\/www.bisbatdemallorca.org\/ca\/#\/schema\/logo\/image\/"}},{"@type":"Person","@id":"https:\/\/www.bisbatdemallorca.org\/ca\/#\/schema\/person\/9d198fedaef82cec34c41260a51964a6","name":"Administraci\u00f3 Bisbat de Mallorca","image":{"@type":"ImageObject","inLanguage":"en-US","@id":"https:\/\/www.bisbatdemallorca.org\/ca\/#\/schema\/person\/image\/","url":"https:\/\/secure.gravatar.com\/avatar\/cc0dac0bd15aa6305e120ea8e5b6c12f94c8fe06a53230fa56abffe62cefceb4?s=96&d=mm&r=g","contentUrl":"https:\/\/secure.gravatar.com\/avatar\/cc0dac0bd15aa6305e120ea8e5b6c12f94c8fe06a53230fa56abffe62cefceb4?s=96&d=mm&r=g","caption":"Administraci\u00f3 Bisbat de Mallorca"},"sameAs":["https:\/\/bisbatdemallorca.org"],"url":"https:\/\/www.bisbatdemallorca.org\/en\/author\/administraciobisbat\/"}]}},"_links":{"self":[{"href":"https:\/\/www.bisbatdemallorca.org\/en\/wp-json\/wp\/v2\/posts\/31150","targetHints":{"allow":["GET"]}}],"collection":[{"href":"https:\/\/www.bisbatdemallorca.org\/en\/wp-json\/wp\/v2\/posts"}],"about":[{"href":"https:\/\/www.bisbatdemallorca.org\/en\/wp-json\/wp\/v2\/types\/post"}],"author":[{"embeddable":true,"href":"https:\/\/www.bisbatdemallorca.org\/en\/wp-json\/wp\/v2\/users\/2"}],"replies":[{"embeddable":true,"href":"https:\/\/www.bisbatdemallorca.org\/en\/wp-json\/wp\/v2\/comments?post=31150"}],"version-history":[{"count":0,"href":"https:\/\/www.bisbatdemallorca.org\/en\/wp-json\/wp\/v2\/posts\/31150\/revisions"}],"wp:attachment":[{"href":"https:\/\/www.bisbatdemallorca.org\/en\/wp-json\/wp\/v2\/media?parent=31150"}],"wp:term":[{"taxonomy":"category","embeddable":true,"href":"https:\/\/www.bisbatdemallorca.org\/en\/wp-json\/wp\/v2\/categories?post=31150"},{"taxonomy":"post_tag","embeddable":true,"href":"https:\/\/www.bisbatdemallorca.org\/en\/wp-json\/wp\/v2\/tags?post=31150"}],"curies":[{"name":"wp","href":"https:\/\/api.w.org\/{rel}","templated":true}]}}