{"id":31162,"date":"2026-02-08T09:48:51","date_gmt":"2026-02-08T08:48:51","guid":{"rendered":"https:\/\/www.bisbatdemallorca.org\/ca\/?p=31162"},"modified":"2026-02-23T09:49:55","modified_gmt":"2026-02-23T08:49:55","slug":"contra-la-fam-la-pobresa-i-la-violencia-posem-hi-la-pau-i-el-desenvolupament-des-de-mans-unides-mitjancant-la-campanya-contra-la-fam-sens-diu-que-no-podra-compensar-cap-victoria-armada","status":"publish","type":"post","link":"https:\/\/www.bisbatdemallorca.org\/en\/contra-la-fam-la-pobresa-i-la-violencia-posem-hi-la-pau-i-el-desenvolupament-des-de-mans-unides-mitjancant-la-campanya-contra-la-fam-sens-diu-que-no-podra-compensar-cap-victoria-armada\/","title":{"rendered":"Contra el hambre, la pobreza y la violencia,  pongamos la paz y el desarrollo"},"content":{"rendered":"<p>Desde <strong><em>Manos Unidas<\/em><\/strong>, mediante la <strong>Campa\u00f1a contra el hambre<\/strong>, se nos dice que ninguna victoria armada podr\u00e1 compensar el dolor de las madres, el miedo de los ni\u00f1os y el futuro robado. Por una <strong>paz desarmada y desarmante, <\/strong>que es el lema que el papa Le\u00f3n XIV pone a nuestra consideraci\u00f3n para que tengamos claro el camino a construir juntos. Son millones de personas que sufren la <em>exclusi\u00f3n<\/em>, el <em>hambre<\/em>, la <em>pobreza<\/em>, la <em>violencia<\/em> y la <em>injusticia<\/em>, situaciones que a menudo pasan desapercibidas y olvidadas en la indiferencia de los que miran hacia otra parte, encerrados en sus propias seguridades y conveniencias, envenenadas por el ego\u00edsmo. Hoy es m\u00e1s humana y evang\u00e9lica la <strong>reacci\u00f3n solidaria<\/strong> de los que a trav\u00e9s de la educaci\u00f3n, el reconocimiento de los derechos humanos y el esfuerzo diario por la igualdad entre todos los seres humanos, hacen que la sociedad crezca en la dignidad que se merece.<\/p>\n<p><strong>Hambre, pobreza y violencia<\/strong>. Los datos que nos llegan desde organismos oficiales dibujan el preocupante panorama actual sobre la <strong><em>violencia vinculada a la pobreza<\/em><\/strong>. En el mundo, 1.100 millones de personas viven actualmente en pobreza multidimensional aguda, m\u00e1s de la mitad, ni\u00f1os. 455 millones de estas personas pobres residen en pa\u00edses en guerra, fragilidad o con bajos niveles de paz. Podemos ver los desplazamientos que todo ello ocasiona: a finales de 2024 hab\u00eda 73,5 millones de personas desplazadas en sus propios pa\u00edses, y otras 42,7 millones refugiadas en otros pa\u00edses. <strong>La pobreza y el hambre van unidas a la violencia<\/strong>, que es <em>estructural<\/em>, <em>cultural<\/em> y <em>directa<\/em>; significa que estos millones de persones perciben que no existen v\u00edas pac\u00edficas que les permitan disfrutar una vida digna.<\/p>\n<p>Desde <strong><em>Manos Unidas<\/em><\/strong> se constata que <strong>la consecuencia m\u00e1s importante de la violencia armada es el aumento de la pobreza y el hambre<\/strong>, revirtiendo \u00e9pocas de progreso. Se trata de una barbarie a la que grupos humanos como las personas mayores, la infancia (v\u00edctima de reclutamiento y violencia sexual) y las mujeres (v\u00edctimas de violaci\u00f3n y trata) resultan vulnerables. Las <strong>causas<\/strong> provienen de tres \u00e1mbitos conectados entre s\u00ed: 1) <strong><em>el control absoluto del poder pol\u00edtico<\/em><\/strong> <strong><em>en forma de ambici\u00f3n de poder<\/em><\/strong>, unido a demandas de autogobierno, poder geoestrat\u00e9gico ligado al negocio armament\u00edstico y agendas yihadistas; 2) <strong><em>el \u00e1mbito de la apropiaci\u00f3n de las riquezas con el control de territorios<\/em><\/strong> con sus recursos (tierras, diamantes, petr\u00f3leo&#8230;); y 3) <strong><em>el \u00e1mbito que, marcado por la propia exclusi\u00f3n social,<\/em><\/strong> acaba incitando a la violencia directa.<\/p>\n<p>Despu\u00e9s de hacernos conscientes de esta realidad, el camino a recorrer -nos dice <em>Manos Unidas<\/em>&#8211; es <strong>la reconstrucci\u00f3n de la paz desde el desarrollo inclusivo<\/strong>. \u00bfQu\u00e9 significa esto y a qu\u00e9 nos compromete? A un constante esfuerzo para reconstruir la convivencia, haciendo que impere la justicia y el pleno respeto de los derechos humanos. Es la apuesta por una paz positiva, entendida como un s\u00ed a la vida que, m\u00e1s all\u00e1 de la ausencia de guerra, promueve la reconciliaci\u00f3n, la convivencia y la justicia.<\/p>\n<p><strong>Los cristianos no podemos callar ni permanecer indiferentes<\/strong> ante esta situaci\u00f3n conflictiva. M\u00e1s bien tenemos que reaccionar con <strong><em>nuevas actitudes personales<\/em><\/strong> y <strong><em>compromisos sociales<\/em><\/strong>. El Reino de Dios que predica e inaugura Jes\u00fas es Justicia y Paz, y hacerlo presente concretando su programa expuesto en el Evangelio es responsabilidad nuestra. Reflexionemos globalmente y actuemos localmente, para que los <strong>caminos de soluci\u00f3n<\/strong> comiencen entre nosotros, educando para la <em>paz<\/em>, basada en valores como la <em>fraternidad<\/em>, la <em>justicia social<\/em>, el <em>cuidado de la creaci\u00f3n<\/em> y los <em>derechos humanos<\/em>. Que el Se\u00f1or nos ayude.<\/p>\n","protected":false},"excerpt":{"rendered":"<p>Desde Manos Unidas, mediante la Campa\u00f1a contra el hambre, se  [&#8230;]<\/p>\n","protected":false},"author":2,"featured_media":0,"comment_status":"closed","ping_status":"open","sticky":false,"template":"","format":"standard","meta":{"footnotes":""},"categories":[39],"tags":[],"class_list":["post-31162","post","type-post","status-publish","format-standard","hentry","category-articles-del-bisbe"],"yoast_head":"<!-- This site is optimized with the Yoast SEO plugin v27.0 - https:\/\/yoast.com\/product\/yoast-seo-wordpress\/ -->\n<title>Contra el hambre, la pobreza y la violencia, pongamos la paz y el desarrollo<\/title>\n<meta name=\"robots\" content=\"index, follow, max-snippet:-1, max-image-preview:large, max-video-preview:-1\" \/>\n<link rel=\"canonical\" href=\"https:\/\/www.bisbatdemallorca.org\/en\/contra-la-fam-la-pobresa-i-la-violencia-posem-hi-la-pau-i-el-desenvolupament-des-de-mans-unides-mitjancant-la-campanya-contra-la-fam-sens-diu-que-no-podra-compensar-cap-victoria-armada\/\" \/>\n<meta property=\"og:locale\" content=\"en_US\" \/>\n<meta property=\"og:locale:alternate\" content=\"ca\" \/>\n<meta property=\"og:locale:alternate\" content=\"es_ES\" \/>\n<meta property=\"og:type\" content=\"article\" \/>\n<meta property=\"og:title\" content=\"Contra el hambre, la pobreza y la violencia, pongamos la paz y el desarrollo\" \/>\n<meta property=\"og:description\" content=\"Desde Manos Unidas, mediante la Campa\u00f1a contra el hambre, se [...]\" \/>\n<meta property=\"og:url\" content=\"https:\/\/www.bisbatdemallorca.org\/en\/contra-la-fam-la-pobresa-i-la-violencia-posem-hi-la-pau-i-el-desenvolupament-des-de-mans-unides-mitjancant-la-campanya-contra-la-fam-sens-diu-que-no-podra-compensar-cap-victoria-armada\/\" \/>\n<meta property=\"og:site_name\" content=\"Bisbat de Mallorca\" \/>\n<meta property=\"article:published_time\" content=\"2026-02-08T08:48:51+00:00\" \/>\n<meta property=\"article:modified_time\" content=\"2026-02-23T08:49:55+00:00\" \/>\n<meta name=\"author\" content=\"Administraci\u00f3 Bisbat de Mallorca\" \/>\n<meta name=\"twitter:card\" content=\"summary_large_image\" \/>\n<meta name=\"twitter:label1\" content=\"Written by\" \/>\n\t<meta name=\"twitter:data1\" content=\"Administraci\u00f3 Bisbat de Mallorca\" \/>\n\t<meta name=\"twitter:label2\" content=\"Est. reading time\" \/>\n\t<meta name=\"twitter:data2\" content=\"3 minutes\" \/>\n<script type=\"application\/ld+json\" class=\"yoast-schema-graph\">{\"@context\":\"https:\/\/schema.org\",\"@graph\":[{\"@type\":\"Article\",\"@id\":\"https:\/\/www.bisbatdemallorca.org\/contra-la-fam-la-pobresa-i-la-violencia-posem-hi-la-pau-i-el-desenvolupament-des-de-mans-unides-mitjancant-la-campanya-contra-la-fam-sens-diu-que-no-podra-compensar-cap-victoria-armada\/#article\",\"isPartOf\":{\"@id\":\"https:\/\/www.bisbatdemallorca.org\/contra-la-fam-la-pobresa-i-la-violencia-posem-hi-la-pau-i-el-desenvolupament-des-de-mans-unides-mitjancant-la-campanya-contra-la-fam-sens-diu-que-no-podra-compensar-cap-victoria-armada\/\"},\"author\":{\"name\":\"Administraci\u00f3 Bisbat de Mallorca\",\"@id\":\"https:\/\/www.bisbatdemallorca.org\/ca\/#\/schema\/person\/9d198fedaef82cec34c41260a51964a6\"},\"headline\":\"Contra el hambre, la pobreza y la violencia, pongamos la paz y el desarrollo\",\"datePublished\":\"2026-02-08T08:48:51+00:00\",\"dateModified\":\"2026-02-23T08:49:55+00:00\",\"mainEntityOfPage\":{\"@id\":\"https:\/\/www.bisbatdemallorca.org\/contra-la-fam-la-pobresa-i-la-violencia-posem-hi-la-pau-i-el-desenvolupament-des-de-mans-unides-mitjancant-la-campanya-contra-la-fam-sens-diu-que-no-podra-compensar-cap-victoria-armada\/\"},\"wordCount\":1921,\"publisher\":{\"@id\":\"https:\/\/www.bisbatdemallorca.org\/ca\/#organization\"},\"articleSection\":[\"Articles del Bisbe\"],\"inLanguage\":\"en-US\"},{\"@type\":\"WebPage\",\"@id\":\"https:\/\/www.bisbatdemallorca.org\/contra-la-fam-la-pobresa-i-la-violencia-posem-hi-la-pau-i-el-desenvolupament-des-de-mans-unides-mitjancant-la-campanya-contra-la-fam-sens-diu-que-no-podra-compensar-cap-victoria-armada\/\",\"url\":\"https:\/\/www.bisbatdemallorca.org\/contra-la-fam-la-pobresa-i-la-violencia-posem-hi-la-pau-i-el-desenvolupament-des-de-mans-unides-mitjancant-la-campanya-contra-la-fam-sens-diu-que-no-podra-compensar-cap-victoria-armada\/\",\"name\":\"Contra el hambre, la pobreza y la violencia, pongamos la paz y el desarrollo\",\"isPartOf\":{\"@id\":\"https:\/\/www.bisbatdemallorca.org\/ca\/#website\"},\"datePublished\":\"2026-02-08T08:48:51+00:00\",\"dateModified\":\"2026-02-23T08:49:55+00:00\",\"breadcrumb\":{\"@id\":\"https:\/\/www.bisbatdemallorca.org\/contra-la-fam-la-pobresa-i-la-violencia-posem-hi-la-pau-i-el-desenvolupament-des-de-mans-unides-mitjancant-la-campanya-contra-la-fam-sens-diu-que-no-podra-compensar-cap-victoria-armada\/#breadcrumb\"},\"inLanguage\":\"en-US\",\"potentialAction\":[{\"@type\":\"ReadAction\",\"target\":[\"https:\/\/www.bisbatdemallorca.org\/contra-la-fam-la-pobresa-i-la-violencia-posem-hi-la-pau-i-el-desenvolupament-des-de-mans-unides-mitjancant-la-campanya-contra-la-fam-sens-diu-que-no-podra-compensar-cap-victoria-armada\/\"]}]},{\"@type\":\"BreadcrumbList\",\"@id\":\"https:\/\/www.bisbatdemallorca.org\/contra-la-fam-la-pobresa-i-la-violencia-posem-hi-la-pau-i-el-desenvolupament-des-de-mans-unides-mitjancant-la-campanya-contra-la-fam-sens-diu-que-no-podra-compensar-cap-victoria-armada\/#breadcrumb\",\"itemListElement\":[{\"@type\":\"ListItem\",\"position\":1,\"name\":\"Portada\",\"item\":\"https:\/\/www.bisbatdemallorca.org\/ca\/\"},{\"@type\":\"ListItem\",\"position\":2,\"name\":\"Contra el hambre, la pobreza y la violencia, pongamos la paz y el desarrollo\"}]},{\"@type\":\"WebSite\",\"@id\":\"https:\/\/www.bisbatdemallorca.org\/ca\/#website\",\"url\":\"https:\/\/www.bisbatdemallorca.org\/ca\/\",\"name\":\"Bisbat de Mallorca\",\"description\":\"Just another WordPress site\",\"publisher\":{\"@id\":\"https:\/\/www.bisbatdemallorca.org\/ca\/#organization\"},\"potentialAction\":[{\"@type\":\"SearchAction\",\"target\":{\"@type\":\"EntryPoint\",\"urlTemplate\":\"https:\/\/www.bisbatdemallorca.org\/ca\/?s={search_term_string}\"},\"query-input\":{\"@type\":\"PropertyValueSpecification\",\"valueRequired\":true,\"valueName\":\"search_term_string\"}}],\"inLanguage\":\"en-US\"},{\"@type\":\"Organization\",\"@id\":\"https:\/\/www.bisbatdemallorca.org\/ca\/#organization\",\"name\":\"Bisbat De Mallorca\",\"url\":\"https:\/\/www.bisbatdemallorca.org\/ca\/\",\"logo\":{\"@type\":\"ImageObject\",\"inLanguage\":\"en-US\",\"@id\":\"https:\/\/www.bisbatdemallorca.org\/ca\/#\/schema\/logo\/image\/\",\"url\":\"https:\/\/bisbatdemallorca.org\/wp-content\/uploads\/2022\/04\/Logo_Bisbat-de-Mallorca-scaled.jpeg\",\"contentUrl\":\"https:\/\/bisbatdemallorca.org\/wp-content\/uploads\/2022\/04\/Logo_Bisbat-de-Mallorca-scaled.jpeg\",\"width\":2560,\"height\":1810,\"caption\":\"Bisbat De Mallorca\"},\"image\":{\"@id\":\"https:\/\/www.bisbatdemallorca.org\/ca\/#\/schema\/logo\/image\/\"}},{\"@type\":\"Person\",\"@id\":\"https:\/\/www.bisbatdemallorca.org\/ca\/#\/schema\/person\/9d198fedaef82cec34c41260a51964a6\",\"name\":\"Administraci\u00f3 Bisbat de Mallorca\",\"image\":{\"@type\":\"ImageObject\",\"inLanguage\":\"en-US\",\"@id\":\"https:\/\/www.bisbatdemallorca.org\/ca\/#\/schema\/person\/image\/\",\"url\":\"https:\/\/secure.gravatar.com\/avatar\/cc0dac0bd15aa6305e120ea8e5b6c12f94c8fe06a53230fa56abffe62cefceb4?s=96&d=mm&r=g\",\"contentUrl\":\"https:\/\/secure.gravatar.com\/avatar\/cc0dac0bd15aa6305e120ea8e5b6c12f94c8fe06a53230fa56abffe62cefceb4?s=96&d=mm&r=g\",\"caption\":\"Administraci\u00f3 Bisbat de Mallorca\"},\"sameAs\":[\"https:\/\/bisbatdemallorca.org\"],\"url\":\"https:\/\/www.bisbatdemallorca.org\/en\/author\/administraciobisbat\/\"}]}<\/script>\n<!-- \/ Yoast SEO plugin. -->","yoast_head_json":{"title":"Contra el hambre, la pobreza y la violencia, pongamos la paz y el desarrollo","robots":{"index":"index","follow":"follow","max-snippet":"max-snippet:-1","max-image-preview":"max-image-preview:large","max-video-preview":"max-video-preview:-1"},"canonical":"https:\/\/www.bisbatdemallorca.org\/en\/contra-la-fam-la-pobresa-i-la-violencia-posem-hi-la-pau-i-el-desenvolupament-des-de-mans-unides-mitjancant-la-campanya-contra-la-fam-sens-diu-que-no-podra-compensar-cap-victoria-armada\/","og_locale":"en_US","og_type":"article","og_title":"[:ca]Contra la fam, la pobresa i la viol\u00e8ncia, posem-hi la pau i el desenvolupament Des de Mans Unides, mitjan\u00e7ant la Campanya contra la fam, se\u2019ns diu que no podr\u00e0 compensar cap vict\u00f2ria armada el dolor de les mares, la por dels infants i el futur robat. Per una pau desarmada i desarmant, que \u00e9s el lema que el papa Lle\u00f3 XIV presenta a la nostra consideraci\u00f3 perqu\u00e8 tinguem clar el cam\u00ed a construir junts. S\u00f3n milions de persones que pateixen l\u2019exclusi\u00f3, la fam, la pobresa, la viol\u00e8ncia i la injust\u00edcia, situacions que sovint passen desapercebudes i oblidades en la indifer\u00e8ncia dels qui miren cap a un altre indret, tancats en les seves pr\u00f2pies seguretats i conveni\u00e8ncies, enverinades per l\u2019egoisme. Avui \u00e9s m\u00e9s humana i evang\u00e8lica la reacci\u00f3 solid\u00e0ria dels qui a trav\u00e9s de l\u2019educaci\u00f3, el reconeixement dels drets humans i l\u2019esfor\u00e7 diari per la igualtat entre tots els \u00e9ssers humans, fan que la societat cresqu\u00ed en la dignitat que es mereix. Fam, pobresa i viol\u00e8ncia. Les dades que ens arriben des d\u2019organismes oficials dibuixen el preocupant panorama actual sobre la viol\u00e8ncia vinculada a la pobresa. En el m\u00f3n, 1.100 milions de persones viuen actualment en pobresa multidimensional aguda, m\u00e9s de la mitat d\u2019elles, infants. 455 milions d\u2019aquestes persones pobres resideixen a pa\u00efsos en guerra, fragilitat o amb baixos nivells de pau. Podem veure els despla\u00e7aments que tot aix\u00f2 ocasiona: a finals de 2024 hi havia 73,5 milions de persones despla\u00e7ades dins els seus propis pa\u00efsos, i altres 42,7 milions de refugiades en altres pa\u00efsos. La pobresa i la fam van unides a la viol\u00e8ncia, que \u00e9s estructural, cultural i directa; significa que aquests milions de persones perceben que no existeixen vies pac\u00edfiques que els permetin gaudir d\u2019una vida digna. Des de Mans Unides es constata que la conseq\u00fc\u00e8ncia m\u00e9s important de la viol\u00e8ncia armada \u00e9s l\u2019augment de la pobresa i la fam, revertint \u00e8poques de progr\u00e9s. Es tracta d\u2019una barb\u00e0rie a la qual grups humans com les persones majors, la inf\u00e0ncia (v\u00edctima de reclutament i viol\u00e8ncia sexual) i les dones (v\u00edctimes de violaci\u00f3 i tr\u00e0fic sexual) resulten vulnerables. Les causes provenen de tres \u00e0mbits connectats entre si: 1) el control absolut del poder pol\u00edtic en forma d\u2019ambici\u00f3 de poder, unit a demandes d\u2019autogovern, poder geoestrat\u00e8gic lligat al negoci armament\u00edstic i agendes yihadistes; 2) l\u2019\u00e0mbit de l\u2019apropiaci\u00f3 de les riqueses amb el control de territoris amb els seus recursos (terres, diamants, petroli...); i 3) l\u2019\u00e0mbit que, marcat per la mateixa exclusi\u00f3 social, acaba incitant la viol\u00e8ncia directa. Despr\u00e9s de fer-nos conscients d\u2019aquesta realitat, el cam\u00ed a rec\u00f3rrer -ens diu Mans Unides- \u00e9s la reconstrucci\u00f3 de la pau des del desenvolupament inclusiu. Qu\u00e8 significa aix\u00f2 i a qu\u00e8 ens compromet? A un esfor\u00e7 constant per reconstruir la conviv\u00e8ncia, fent que imperi la just\u00edcia i el ple respecte dels drets humans. \u00c9s l\u2019aposta per una pau positiva, entesa com un s\u00ed a la vida que, m\u00e9s enll\u00e0 de l\u2019abs\u00e8ncia de guerra, promou la reconciliaci\u00f3, la conviv\u00e8ncia i la just\u00edcia. Els cristians no podem callar ni romandre indiferents davant aquesta situaci\u00f3 conflictiva. M\u00e9s aviat hem de reaccionar-hi amb noves actituds personals i compromisos socials. El Regne de D\u00e9u que predica i inaugura Jes\u00fas \u00e9s Just\u00edcia i Pau, i fer-lo present concretant el seu programa exposat a l\u2019Evangeli \u00e9s responsabilitat nostra. Reflexionem globalment i actuem localment, perqu\u00e8 els camins de soluci\u00f3 comencin entre nosaltres, educant per a la pau, basada en valors com la fraternitat, la just\u00edcia social, la cura de la creaci\u00f3 i els drets humans. Que el Senyor ens hi ajudi.[:es]Contra el hambre, la pobreza y la violencia, pongamos la paz y el desarrollo[:] - Bisbat de Mallorca","og_description":"Desde Manos Unidas, mediante la Campa\u00f1a contra el hambre, se [...]","og_url":"https:\/\/www.bisbatdemallorca.org\/en\/contra-la-fam-la-pobresa-i-la-violencia-posem-hi-la-pau-i-el-desenvolupament-des-de-mans-unides-mitjancant-la-campanya-contra-la-fam-sens-diu-que-no-podra-compensar-cap-victoria-armada\/","og_site_name":"Bisbat de Mallorca","article_published_time":"2026-02-08T08:48:51+00:00","article_modified_time":"2026-02-23T08:49:55+00:00","author":"Administraci\u00f3 Bisbat de Mallorca","twitter_card":"summary_large_image","twitter_misc":{"Written by":"Administraci\u00f3 Bisbat de Mallorca","Est. reading time":"3 minutes"},"schema":{"@context":"https:\/\/schema.org","@graph":[{"@type":"Article","@id":"https:\/\/www.bisbatdemallorca.org\/contra-la-fam-la-pobresa-i-la-violencia-posem-hi-la-pau-i-el-desenvolupament-des-de-mans-unides-mitjancant-la-campanya-contra-la-fam-sens-diu-que-no-podra-compensar-cap-victoria-armada\/#article","isPartOf":{"@id":"https:\/\/www.bisbatdemallorca.org\/contra-la-fam-la-pobresa-i-la-violencia-posem-hi-la-pau-i-el-desenvolupament-des-de-mans-unides-mitjancant-la-campanya-contra-la-fam-sens-diu-que-no-podra-compensar-cap-victoria-armada\/"},"author":{"name":"Administraci\u00f3 Bisbat de Mallorca","@id":"https:\/\/www.bisbatdemallorca.org\/ca\/#\/schema\/person\/9d198fedaef82cec34c41260a51964a6"},"headline":"Contra el hambre, la pobreza y la violencia, pongamos la paz y el desarrollo","datePublished":"2026-02-08T08:48:51+00:00","dateModified":"2026-02-23T08:49:55+00:00","mainEntityOfPage":{"@id":"https:\/\/www.bisbatdemallorca.org\/contra-la-fam-la-pobresa-i-la-violencia-posem-hi-la-pau-i-el-desenvolupament-des-de-mans-unides-mitjancant-la-campanya-contra-la-fam-sens-diu-que-no-podra-compensar-cap-victoria-armada\/"},"wordCount":1921,"publisher":{"@id":"https:\/\/www.bisbatdemallorca.org\/ca\/#organization"},"articleSection":["Articles del Bisbe"],"inLanguage":"en-US"},{"@type":"WebPage","@id":"https:\/\/www.bisbatdemallorca.org\/contra-la-fam-la-pobresa-i-la-violencia-posem-hi-la-pau-i-el-desenvolupament-des-de-mans-unides-mitjancant-la-campanya-contra-la-fam-sens-diu-que-no-podra-compensar-cap-victoria-armada\/","url":"https:\/\/www.bisbatdemallorca.org\/contra-la-fam-la-pobresa-i-la-violencia-posem-hi-la-pau-i-el-desenvolupament-des-de-mans-unides-mitjancant-la-campanya-contra-la-fam-sens-diu-que-no-podra-compensar-cap-victoria-armada\/","name":"Contra el hambre, la pobreza y la violencia, pongamos la paz y el desarrollo","isPartOf":{"@id":"https:\/\/www.bisbatdemallorca.org\/ca\/#website"},"datePublished":"2026-02-08T08:48:51+00:00","dateModified":"2026-02-23T08:49:55+00:00","breadcrumb":{"@id":"https:\/\/www.bisbatdemallorca.org\/contra-la-fam-la-pobresa-i-la-violencia-posem-hi-la-pau-i-el-desenvolupament-des-de-mans-unides-mitjancant-la-campanya-contra-la-fam-sens-diu-que-no-podra-compensar-cap-victoria-armada\/#breadcrumb"},"inLanguage":"en-US","potentialAction":[{"@type":"ReadAction","target":["https:\/\/www.bisbatdemallorca.org\/contra-la-fam-la-pobresa-i-la-violencia-posem-hi-la-pau-i-el-desenvolupament-des-de-mans-unides-mitjancant-la-campanya-contra-la-fam-sens-diu-que-no-podra-compensar-cap-victoria-armada\/"]}]},{"@type":"BreadcrumbList","@id":"https:\/\/www.bisbatdemallorca.org\/contra-la-fam-la-pobresa-i-la-violencia-posem-hi-la-pau-i-el-desenvolupament-des-de-mans-unides-mitjancant-la-campanya-contra-la-fam-sens-diu-que-no-podra-compensar-cap-victoria-armada\/#breadcrumb","itemListElement":[{"@type":"ListItem","position":1,"name":"Portada","item":"https:\/\/www.bisbatdemallorca.org\/ca\/"},{"@type":"ListItem","position":2,"name":"Contra el hambre, la pobreza y la violencia, pongamos la paz y el desarrollo"}]},{"@type":"WebSite","@id":"https:\/\/www.bisbatdemallorca.org\/ca\/#website","url":"https:\/\/www.bisbatdemallorca.org\/ca\/","name":"Bisbat de Mallorca","description":"Just another WordPress site","publisher":{"@id":"https:\/\/www.bisbatdemallorca.org\/ca\/#organization"},"potentialAction":[{"@type":"SearchAction","target":{"@type":"EntryPoint","urlTemplate":"https:\/\/www.bisbatdemallorca.org\/ca\/?s={search_term_string}"},"query-input":{"@type":"PropertyValueSpecification","valueRequired":true,"valueName":"search_term_string"}}],"inLanguage":"en-US"},{"@type":"Organization","@id":"https:\/\/www.bisbatdemallorca.org\/ca\/#organization","name":"Bisbat De Mallorca","url":"https:\/\/www.bisbatdemallorca.org\/ca\/","logo":{"@type":"ImageObject","inLanguage":"en-US","@id":"https:\/\/www.bisbatdemallorca.org\/ca\/#\/schema\/logo\/image\/","url":"https:\/\/bisbatdemallorca.org\/wp-content\/uploads\/2022\/04\/Logo_Bisbat-de-Mallorca-scaled.jpeg","contentUrl":"https:\/\/bisbatdemallorca.org\/wp-content\/uploads\/2022\/04\/Logo_Bisbat-de-Mallorca-scaled.jpeg","width":2560,"height":1810,"caption":"Bisbat De Mallorca"},"image":{"@id":"https:\/\/www.bisbatdemallorca.org\/ca\/#\/schema\/logo\/image\/"}},{"@type":"Person","@id":"https:\/\/www.bisbatdemallorca.org\/ca\/#\/schema\/person\/9d198fedaef82cec34c41260a51964a6","name":"Administraci\u00f3 Bisbat de Mallorca","image":{"@type":"ImageObject","inLanguage":"en-US","@id":"https:\/\/www.bisbatdemallorca.org\/ca\/#\/schema\/person\/image\/","url":"https:\/\/secure.gravatar.com\/avatar\/cc0dac0bd15aa6305e120ea8e5b6c12f94c8fe06a53230fa56abffe62cefceb4?s=96&d=mm&r=g","contentUrl":"https:\/\/secure.gravatar.com\/avatar\/cc0dac0bd15aa6305e120ea8e5b6c12f94c8fe06a53230fa56abffe62cefceb4?s=96&d=mm&r=g","caption":"Administraci\u00f3 Bisbat de Mallorca"},"sameAs":["https:\/\/bisbatdemallorca.org"],"url":"https:\/\/www.bisbatdemallorca.org\/en\/author\/administraciobisbat\/"}]}},"_links":{"self":[{"href":"https:\/\/www.bisbatdemallorca.org\/en\/wp-json\/wp\/v2\/posts\/31162","targetHints":{"allow":["GET"]}}],"collection":[{"href":"https:\/\/www.bisbatdemallorca.org\/en\/wp-json\/wp\/v2\/posts"}],"about":[{"href":"https:\/\/www.bisbatdemallorca.org\/en\/wp-json\/wp\/v2\/types\/post"}],"author":[{"embeddable":true,"href":"https:\/\/www.bisbatdemallorca.org\/en\/wp-json\/wp\/v2\/users\/2"}],"replies":[{"embeddable":true,"href":"https:\/\/www.bisbatdemallorca.org\/en\/wp-json\/wp\/v2\/comments?post=31162"}],"version-history":[{"count":0,"href":"https:\/\/www.bisbatdemallorca.org\/en\/wp-json\/wp\/v2\/posts\/31162\/revisions"}],"wp:attachment":[{"href":"https:\/\/www.bisbatdemallorca.org\/en\/wp-json\/wp\/v2\/media?parent=31162"}],"wp:term":[{"taxonomy":"category","embeddable":true,"href":"https:\/\/www.bisbatdemallorca.org\/en\/wp-json\/wp\/v2\/categories?post=31162"},{"taxonomy":"post_tag","embeddable":true,"href":"https:\/\/www.bisbatdemallorca.org\/en\/wp-json\/wp\/v2\/tags?post=31162"}],"curies":[{"name":"wp","href":"https:\/\/api.w.org\/{rel}","templated":true}]}}