{"id":31573,"date":"2026-03-08T13:31:38","date_gmt":"2026-03-08T12:31:38","guid":{"rendered":"https:\/\/www.bisbatdemallorca.org\/ca\/?p=31573"},"modified":"2026-03-09T13:32:42","modified_gmt":"2026-03-09T12:32:42","slug":"jesus-vol-que-posem-deu-al-centre-de-la-nostra-vida-2","status":"publish","type":"post","link":"https:\/\/www.bisbatdemallorca.org\/en\/jesus-vol-que-posem-deu-al-centre-de-la-nostra-vida-2\/","title":{"rendered":"Jes\u00fas quiere que pongamos a Dios en el centro de nuestra vida"},"content":{"rendered":"<p>Jes\u00fas habla con una mujer samaritana (<em>Evangelio de<\/em> <em>Juan<\/em> 4,1-42). Ser\u00e1 bueno que hagamos el esfuerzo de leer y meditar con detalle este relato impresionante y \u00fanico por la pedagog\u00eda de aut\u00e9ntico pastor que utiliza Jes\u00fas, rompiendo esquemas religiosos y condicionamientos sociales. El arte de <strong>saber<\/strong> <strong>tratar a la persona por lo que es<\/strong> nos hace ver que nunca puede decirse la \u00faltima palabra sobre alguien, ni mucho menos decirla antes de encontrarse con \u00e9l. En Jes\u00fas, descubrimos la importancia del <em>trato delicado y respetuoso que merece toda persona<\/em>, desde el m\u00e1s amigo hasta el m\u00e1s desconocido. Jes\u00fas sabe situarse con dignidad ante el otro y nos ense\u00f1a a hacerlo igualmente. Lo que quiere es <strong>que lleguemos a conectar con Dios<\/strong> y<strong> que sea el centro de nuestra vida<\/strong>. En el trato con la mujer samaritana reconducir\u00e1 un proceso que ir\u00e1 desde la <em>extra\u00f1eza<\/em> a la <em>admiraci\u00f3n<\/em>, hasta <em>la adhesi\u00f3n creyente<\/em> y <em>el anuncio misionero<\/em>.<\/p>\n<p>Primero, <em>el di\u00e1logo normal<\/em> al lado de un pozo y al sol del mediod\u00eda. Se habla de la sed y del agua. Normal. Con frecuencia, en las conversaciones se interponen actitudes extra\u00f1as y se origina un problema ficticio: es habitual sacar a relucir historias pasadas, conflictos larvados o frustraciones. En el caso que nos ocupa es la mujer la que saca <em>la enemistad hist\u00f3rica entre dos pueblos<\/em> -el jud\u00edo y el samaritano- que se reivindican mutuamente la primac\u00eda religiosa y discuten el lugar donde se ha de adorar a Dios. Le dice la mujer a Jes\u00fas: <strong>\u00ab<\/strong><strong><em>\u00bfC\u00f3mo t\u00fa, siendo jud\u00edo, me pides de beber a m\u00ed, que soy samaritana?<\/em><\/strong><strong>\u00bb<\/strong>.<\/p>\n<p>Jes\u00fas desv\u00eda la pregunta y la reconduce en positivo haci\u00e9ndole ver que su vida est\u00e1 abierta a un don que desconoce, pero del que puede gozar. Le dice Jes\u00fas: <strong>\u00ab<\/strong><strong><em>Si conocieras el don de Dios y qui\u00e9n es el que te pide de beber, le pedir\u00edas t\u00fa, y \u00e9l te dar\u00eda agua viva<\/em><\/strong><strong>\u00bb<\/strong>. \u00a1El don de Dios es el Esp\u00edritu que es luz, agua, alimento, una nueva vida! La insistencia de Jes\u00fas en llegar al fondo de la cuesti\u00f3n hace que empiece a interrogarse cuando le dice: <strong>\u00ab<\/strong><strong><em>El que bebe de esta agua vuelve a tener sed; pero el que beba del agua que yo le dar\u00e9, nunca m\u00e1s tendr\u00e1 sed: el agua que yo le dar\u00e9 se convertir\u00e1 dentro de \u00e9l en un surtidor de agua que salta hasta la vida eterna<\/em><\/strong><strong>\u00bb<\/strong>.<\/p>\n<p>Comienza un <em>conflicto de intereses<\/em>. Ella piensa que es pesado tener que sacar <em>agua<\/em>, cuando puede disponer de <em>otra agua<\/em> que le evitar\u00eda el camino, el calor y el esfuerzo. Ve ventajas, pero la implicaci\u00f3n de su vida a\u00fan no se hace notar. Sin embargo, <strong>llega la hora<\/strong> y aparece el momento escogido por Dios. La mujer se ver\u00e1 totalmente implicada cuando Jes\u00fas le diga el punto m\u00e1s delicado:<em> su relaci\u00f3n humana, su relaci\u00f3n de amor<\/em>. Por eso le dice: <strong>\u00ab<\/strong><strong><em>Anda, llama a tu marido y vuelve<\/em><\/strong><strong>\u00bb<\/strong>. Jes\u00fas le desvela la verdad de su vida y, reconoci\u00e9ndole su sinceridad, viene a decirle que a\u00fan no ha aprendido a amar: <strong>\u00ab<\/strong><strong><em>Tienes raz\u00f3n, que no tienes marido: has tenido ya cinco y el de ahora no es tu marido. En eso has dicho la verdad<\/em><\/strong><strong>\u00bb<\/strong>. Le dice ella: <strong>\u00ab<em>Se\u00f1or, veo que t\u00fa eres un profeta<\/em>\u00bb. <\/strong><\/p>\n<p>Cuando Dios llega al coraz\u00f3n de la persona provoca un trasiego tal que es imposible no entender qu\u00e9 quiere de cada uno de nosotros. Queramos o no, en un momento u otro, la <em>cuesti\u00f3n religiosa<\/em> aparece y se deja sentir con fuerza no cuando la euforia nos hace formular buenos prop\u00f3sitos, sino cuando experimentamos que <em>algo tiene que cambiar en nuestra vida<\/em>, que a Dios se le encuentra en cualquier lugar y que <strong>\u00ab<em>los que quieran darle culto verdadero le adorar\u00e1n en esp\u00edritu y en verdad<\/em>\u00bb<\/strong>. Sin pens\u00e1rselo mucho y con entusiasmo, la mujer va a comunicarlo a todo el mundo. Y la gente dec\u00eda: <strong>\u00ab<em>Sabemos que \u00e9l es de verdad el Salvador del mundo<\/em>\u00bb<\/strong>.<\/p>\n<p>&nbsp;<\/p>\n","protected":false},"excerpt":{"rendered":"<p>Jes\u00fas habla con una mujer samaritana (Evangelio de Juan 4,1-42).  [&#8230;]<\/p>\n","protected":false},"author":2,"featured_media":0,"comment_status":"closed","ping_status":"open","sticky":false,"template":"","format":"standard","meta":{"footnotes":""},"categories":[39],"tags":[],"class_list":["post-31573","post","type-post","status-publish","format-standard","hentry","category-articles-del-bisbe"],"yoast_head":"<!-- This site is optimized with the Yoast SEO plugin v27.0 - https:\/\/yoast.com\/product\/yoast-seo-wordpress\/ -->\n<title>Jes\u00fas quiere que pongamos a Dios en el centro de nuestra vida<\/title>\n<meta name=\"robots\" content=\"index, follow, max-snippet:-1, max-image-preview:large, max-video-preview:-1\" \/>\n<link rel=\"canonical\" href=\"https:\/\/www.bisbatdemallorca.org\/en\/jesus-vol-que-posem-deu-al-centre-de-la-nostra-vida-2\/\" \/>\n<meta property=\"og:locale\" content=\"en_US\" \/>\n<meta property=\"og:locale:alternate\" content=\"ca\" \/>\n<meta property=\"og:locale:alternate\" content=\"es_ES\" \/>\n<meta property=\"og:type\" content=\"article\" \/>\n<meta property=\"og:title\" content=\"Jes\u00fas quiere que pongamos a Dios en el centro de nuestra vida\" \/>\n<meta property=\"og:description\" content=\"Jes\u00fas habla con una mujer samaritana (Evangelio de Juan 4,1-42). [...]\" \/>\n<meta property=\"og:url\" content=\"https:\/\/www.bisbatdemallorca.org\/en\/jesus-vol-que-posem-deu-al-centre-de-la-nostra-vida-2\/\" \/>\n<meta property=\"og:site_name\" content=\"Bisbat de Mallorca\" \/>\n<meta property=\"article:published_time\" content=\"2026-03-08T12:31:38+00:00\" \/>\n<meta property=\"article:modified_time\" content=\"2026-03-09T12:32:42+00:00\" \/>\n<meta name=\"author\" content=\"Administraci\u00f3 Bisbat de Mallorca\" \/>\n<meta name=\"twitter:card\" content=\"summary_large_image\" \/>\n<meta name=\"twitter:label1\" content=\"Written by\" \/>\n\t<meta name=\"twitter:data1\" content=\"Administraci\u00f3 Bisbat de Mallorca\" \/>\n<script type=\"application\/ld+json\" class=\"yoast-schema-graph\">{\"@context\":\"https:\/\/schema.org\",\"@graph\":[{\"@type\":\"Article\",\"@id\":\"https:\/\/www.bisbatdemallorca.org\/en\/jesus-vol-que-posem-deu-al-centre-de-la-nostra-vida-2\/#article\",\"isPartOf\":{\"@id\":\"https:\/\/www.bisbatdemallorca.org\/en\/jesus-vol-que-posem-deu-al-centre-de-la-nostra-vida-2\/\"},\"author\":{\"name\":\"Administraci\u00f3 Bisbat de Mallorca\",\"@id\":\"https:\/\/www.bisbatdemallorca.org\/ca\/#\/schema\/person\/9d198fedaef82cec34c41260a51964a6\"},\"headline\":\"Jes\u00fas quiere que pongamos a Dios en el centro de nuestra vida\",\"datePublished\":\"2026-03-08T12:31:38+00:00\",\"dateModified\":\"2026-03-09T12:32:42+00:00\",\"mainEntityOfPage\":{\"@id\":\"https:\/\/www.bisbatdemallorca.org\/en\/jesus-vol-que-posem-deu-al-centre-de-la-nostra-vida-2\/\"},\"wordCount\":1461,\"publisher\":{\"@id\":\"https:\/\/www.bisbatdemallorca.org\/ca\/#organization\"},\"articleSection\":[\"Articles del Bisbe\"],\"inLanguage\":\"en-US\"},{\"@type\":\"WebPage\",\"@id\":\"https:\/\/www.bisbatdemallorca.org\/en\/jesus-vol-que-posem-deu-al-centre-de-la-nostra-vida-2\/\",\"url\":\"https:\/\/www.bisbatdemallorca.org\/en\/jesus-vol-que-posem-deu-al-centre-de-la-nostra-vida-2\/\",\"name\":\"Jes\u00fas quiere que pongamos a Dios en el centro de nuestra vida\",\"isPartOf\":{\"@id\":\"https:\/\/www.bisbatdemallorca.org\/ca\/#website\"},\"datePublished\":\"2026-03-08T12:31:38+00:00\",\"dateModified\":\"2026-03-09T12:32:42+00:00\",\"breadcrumb\":{\"@id\":\"https:\/\/www.bisbatdemallorca.org\/en\/jesus-vol-que-posem-deu-al-centre-de-la-nostra-vida-2\/#breadcrumb\"},\"inLanguage\":\"en-US\",\"potentialAction\":[{\"@type\":\"ReadAction\",\"target\":[\"https:\/\/www.bisbatdemallorca.org\/en\/jesus-vol-que-posem-deu-al-centre-de-la-nostra-vida-2\/\"]}]},{\"@type\":\"BreadcrumbList\",\"@id\":\"https:\/\/www.bisbatdemallorca.org\/en\/jesus-vol-que-posem-deu-al-centre-de-la-nostra-vida-2\/#breadcrumb\",\"itemListElement\":[{\"@type\":\"ListItem\",\"position\":1,\"name\":\"Portada\",\"item\":\"https:\/\/www.bisbatdemallorca.org\/ca\/\"},{\"@type\":\"ListItem\",\"position\":2,\"name\":\"Jes\u00fas quiere que pongamos a Dios en el centro de nuestra vida\"}]},{\"@type\":\"WebSite\",\"@id\":\"https:\/\/www.bisbatdemallorca.org\/ca\/#website\",\"url\":\"https:\/\/www.bisbatdemallorca.org\/ca\/\",\"name\":\"Bisbat de Mallorca\",\"description\":\"Just another WordPress site\",\"publisher\":{\"@id\":\"https:\/\/www.bisbatdemallorca.org\/ca\/#organization\"},\"potentialAction\":[{\"@type\":\"SearchAction\",\"target\":{\"@type\":\"EntryPoint\",\"urlTemplate\":\"https:\/\/www.bisbatdemallorca.org\/ca\/?s={search_term_string}\"},\"query-input\":{\"@type\":\"PropertyValueSpecification\",\"valueRequired\":true,\"valueName\":\"search_term_string\"}}],\"inLanguage\":\"en-US\"},{\"@type\":\"Organization\",\"@id\":\"https:\/\/www.bisbatdemallorca.org\/ca\/#organization\",\"name\":\"Bisbat De Mallorca\",\"url\":\"https:\/\/www.bisbatdemallorca.org\/ca\/\",\"logo\":{\"@type\":\"ImageObject\",\"inLanguage\":\"en-US\",\"@id\":\"https:\/\/www.bisbatdemallorca.org\/ca\/#\/schema\/logo\/image\/\",\"url\":\"https:\/\/bisbatdemallorca.org\/wp-content\/uploads\/2022\/04\/Logo_Bisbat-de-Mallorca-scaled.jpeg\",\"contentUrl\":\"https:\/\/bisbatdemallorca.org\/wp-content\/uploads\/2022\/04\/Logo_Bisbat-de-Mallorca-scaled.jpeg\",\"width\":2560,\"height\":1810,\"caption\":\"Bisbat De Mallorca\"},\"image\":{\"@id\":\"https:\/\/www.bisbatdemallorca.org\/ca\/#\/schema\/logo\/image\/\"}},{\"@type\":\"Person\",\"@id\":\"https:\/\/www.bisbatdemallorca.org\/ca\/#\/schema\/person\/9d198fedaef82cec34c41260a51964a6\",\"name\":\"Administraci\u00f3 Bisbat de Mallorca\",\"image\":{\"@type\":\"ImageObject\",\"inLanguage\":\"en-US\",\"@id\":\"https:\/\/www.bisbatdemallorca.org\/ca\/#\/schema\/person\/image\/\",\"url\":\"https:\/\/secure.gravatar.com\/avatar\/cc0dac0bd15aa6305e120ea8e5b6c12f94c8fe06a53230fa56abffe62cefceb4?s=96&d=mm&r=g\",\"contentUrl\":\"https:\/\/secure.gravatar.com\/avatar\/cc0dac0bd15aa6305e120ea8e5b6c12f94c8fe06a53230fa56abffe62cefceb4?s=96&d=mm&r=g\",\"caption\":\"Administraci\u00f3 Bisbat de Mallorca\"},\"sameAs\":[\"https:\/\/bisbatdemallorca.org\"],\"url\":\"https:\/\/www.bisbatdemallorca.org\/en\/author\/administraciobisbat\/\"}]}<\/script>\n<!-- \/ Yoast SEO plugin. -->","yoast_head_json":{"title":"Jes\u00fas quiere que pongamos a Dios en el centro de nuestra vida","robots":{"index":"index","follow":"follow","max-snippet":"max-snippet:-1","max-image-preview":"max-image-preview:large","max-video-preview":"max-video-preview:-1"},"canonical":"https:\/\/www.bisbatdemallorca.org\/en\/jesus-vol-que-posem-deu-al-centre-de-la-nostra-vida-2\/","og_locale":"en_US","og_type":"article","og_title":"[:ca]Jes\u00fas vol que posem D\u00e9u al centre de la nostra vida[:es]Jes\u00fas quiere que pongamos a Dios en el centro de nuestra vida[:] - Bisbat de Mallorca","og_description":"Jes\u00fas habla con una mujer samaritana (Evangelio de Juan 4,1-42). [...]","og_url":"https:\/\/www.bisbatdemallorca.org\/en\/jesus-vol-que-posem-deu-al-centre-de-la-nostra-vida-2\/","og_site_name":"Bisbat de Mallorca","article_published_time":"2026-03-08T12:31:38+00:00","article_modified_time":"2026-03-09T12:32:42+00:00","author":"Administraci\u00f3 Bisbat de Mallorca","twitter_card":"summary_large_image","twitter_misc":{"Written by":"Administraci\u00f3 Bisbat de Mallorca"},"schema":{"@context":"https:\/\/schema.org","@graph":[{"@type":"Article","@id":"https:\/\/www.bisbatdemallorca.org\/en\/jesus-vol-que-posem-deu-al-centre-de-la-nostra-vida-2\/#article","isPartOf":{"@id":"https:\/\/www.bisbatdemallorca.org\/en\/jesus-vol-que-posem-deu-al-centre-de-la-nostra-vida-2\/"},"author":{"name":"Administraci\u00f3 Bisbat de Mallorca","@id":"https:\/\/www.bisbatdemallorca.org\/ca\/#\/schema\/person\/9d198fedaef82cec34c41260a51964a6"},"headline":"Jes\u00fas quiere que pongamos a Dios en el centro de nuestra vida","datePublished":"2026-03-08T12:31:38+00:00","dateModified":"2026-03-09T12:32:42+00:00","mainEntityOfPage":{"@id":"https:\/\/www.bisbatdemallorca.org\/en\/jesus-vol-que-posem-deu-al-centre-de-la-nostra-vida-2\/"},"wordCount":1461,"publisher":{"@id":"https:\/\/www.bisbatdemallorca.org\/ca\/#organization"},"articleSection":["Articles del Bisbe"],"inLanguage":"en-US"},{"@type":"WebPage","@id":"https:\/\/www.bisbatdemallorca.org\/en\/jesus-vol-que-posem-deu-al-centre-de-la-nostra-vida-2\/","url":"https:\/\/www.bisbatdemallorca.org\/en\/jesus-vol-que-posem-deu-al-centre-de-la-nostra-vida-2\/","name":"Jes\u00fas quiere que pongamos a Dios en el centro de nuestra vida","isPartOf":{"@id":"https:\/\/www.bisbatdemallorca.org\/ca\/#website"},"datePublished":"2026-03-08T12:31:38+00:00","dateModified":"2026-03-09T12:32:42+00:00","breadcrumb":{"@id":"https:\/\/www.bisbatdemallorca.org\/en\/jesus-vol-que-posem-deu-al-centre-de-la-nostra-vida-2\/#breadcrumb"},"inLanguage":"en-US","potentialAction":[{"@type":"ReadAction","target":["https:\/\/www.bisbatdemallorca.org\/en\/jesus-vol-que-posem-deu-al-centre-de-la-nostra-vida-2\/"]}]},{"@type":"BreadcrumbList","@id":"https:\/\/www.bisbatdemallorca.org\/en\/jesus-vol-que-posem-deu-al-centre-de-la-nostra-vida-2\/#breadcrumb","itemListElement":[{"@type":"ListItem","position":1,"name":"Portada","item":"https:\/\/www.bisbatdemallorca.org\/ca\/"},{"@type":"ListItem","position":2,"name":"Jes\u00fas quiere que pongamos a Dios en el centro de nuestra vida"}]},{"@type":"WebSite","@id":"https:\/\/www.bisbatdemallorca.org\/ca\/#website","url":"https:\/\/www.bisbatdemallorca.org\/ca\/","name":"Bisbat de Mallorca","description":"Just another WordPress site","publisher":{"@id":"https:\/\/www.bisbatdemallorca.org\/ca\/#organization"},"potentialAction":[{"@type":"SearchAction","target":{"@type":"EntryPoint","urlTemplate":"https:\/\/www.bisbatdemallorca.org\/ca\/?s={search_term_string}"},"query-input":{"@type":"PropertyValueSpecification","valueRequired":true,"valueName":"search_term_string"}}],"inLanguage":"en-US"},{"@type":"Organization","@id":"https:\/\/www.bisbatdemallorca.org\/ca\/#organization","name":"Bisbat De Mallorca","url":"https:\/\/www.bisbatdemallorca.org\/ca\/","logo":{"@type":"ImageObject","inLanguage":"en-US","@id":"https:\/\/www.bisbatdemallorca.org\/ca\/#\/schema\/logo\/image\/","url":"https:\/\/bisbatdemallorca.org\/wp-content\/uploads\/2022\/04\/Logo_Bisbat-de-Mallorca-scaled.jpeg","contentUrl":"https:\/\/bisbatdemallorca.org\/wp-content\/uploads\/2022\/04\/Logo_Bisbat-de-Mallorca-scaled.jpeg","width":2560,"height":1810,"caption":"Bisbat De Mallorca"},"image":{"@id":"https:\/\/www.bisbatdemallorca.org\/ca\/#\/schema\/logo\/image\/"}},{"@type":"Person","@id":"https:\/\/www.bisbatdemallorca.org\/ca\/#\/schema\/person\/9d198fedaef82cec34c41260a51964a6","name":"Administraci\u00f3 Bisbat de Mallorca","image":{"@type":"ImageObject","inLanguage":"en-US","@id":"https:\/\/www.bisbatdemallorca.org\/ca\/#\/schema\/person\/image\/","url":"https:\/\/secure.gravatar.com\/avatar\/cc0dac0bd15aa6305e120ea8e5b6c12f94c8fe06a53230fa56abffe62cefceb4?s=96&d=mm&r=g","contentUrl":"https:\/\/secure.gravatar.com\/avatar\/cc0dac0bd15aa6305e120ea8e5b6c12f94c8fe06a53230fa56abffe62cefceb4?s=96&d=mm&r=g","caption":"Administraci\u00f3 Bisbat de Mallorca"},"sameAs":["https:\/\/bisbatdemallorca.org"],"url":"https:\/\/www.bisbatdemallorca.org\/en\/author\/administraciobisbat\/"}]}},"_links":{"self":[{"href":"https:\/\/www.bisbatdemallorca.org\/en\/wp-json\/wp\/v2\/posts\/31573","targetHints":{"allow":["GET"]}}],"collection":[{"href":"https:\/\/www.bisbatdemallorca.org\/en\/wp-json\/wp\/v2\/posts"}],"about":[{"href":"https:\/\/www.bisbatdemallorca.org\/en\/wp-json\/wp\/v2\/types\/post"}],"author":[{"embeddable":true,"href":"https:\/\/www.bisbatdemallorca.org\/en\/wp-json\/wp\/v2\/users\/2"}],"replies":[{"embeddable":true,"href":"https:\/\/www.bisbatdemallorca.org\/en\/wp-json\/wp\/v2\/comments?post=31573"}],"version-history":[{"count":0,"href":"https:\/\/www.bisbatdemallorca.org\/en\/wp-json\/wp\/v2\/posts\/31573\/revisions"}],"wp:attachment":[{"href":"https:\/\/www.bisbatdemallorca.org\/en\/wp-json\/wp\/v2\/media?parent=31573"}],"wp:term":[{"taxonomy":"category","embeddable":true,"href":"https:\/\/www.bisbatdemallorca.org\/en\/wp-json\/wp\/v2\/categories?post=31573"},{"taxonomy":"post_tag","embeddable":true,"href":"https:\/\/www.bisbatdemallorca.org\/en\/wp-json\/wp\/v2\/tags?post=31573"}],"curies":[{"name":"wp","href":"https:\/\/api.w.org\/{rel}","templated":true}]}}