{"id":31910,"date":"2026-03-22T09:27:41","date_gmt":"2026-03-22T08:27:41","guid":{"rendered":"https:\/\/www.bisbatdemallorca.org\/ca\/?p=31910"},"modified":"2026-03-25T09:28:59","modified_gmt":"2026-03-25T08:28:59","slug":"el-do-de-la-vocacio-sacerdotal-un-diamant-en-brut-que-ha-de-brillar","status":"publish","type":"post","link":"https:\/\/www.bisbatdemallorca.org\/en\/el-do-de-la-vocacio-sacerdotal-un-diamant-en-brut-que-ha-de-brillar\/","title":{"rendered":"El don de la vocaci\u00f3n sacerdotal,  un \u00abdiamante en bruto\u00bb que debe brillar"},"content":{"rendered":"<p>Lo dec\u00eda as\u00ed el <strong>papa Francisco<\/strong>, refiri\u00e9ndose a este don espec\u00edfico: \u00ab<em>Se trata de custodiar y cultivar las vocaciones, para que den frutos maduros. Ellas son un \u201cdiamante en bruto\u201d, que hay que trabajar con cuidado, paciencia y respeto a la conciencia de las personas, para que brillen en medio del pueblo de Dios<\/em>\u00bb. Conviene que lo reflexionemos en torno al <strong>D\u00eda del Seminario<\/strong>, siempre en <strong>perspectiva sinodal misionera<\/strong>. Todos debemos sentirnos corresponsables en el despertar vocacional en nuestras familias, comunidades, catequistas y educadores.<\/p>\n<p>En estos momentos, el inter\u00e9s por hacer nacer y acompa\u00f1ar caminos vocacionales incide en la <em>sensibilidad ante el clamor de los pobres<\/em>, de todo tipo de periferias f\u00edsicas y existenciales, as\u00ed como el esfuerzo para<em> la convivencia y la fraternidad<\/em>. El campo de la comunicaci\u00f3n es sobre todo en la homil\u00eda, el conjunto de la predicaci\u00f3n y la catequesis, la cultura digital y cualquier medio para hacer resonar el Evangelio.<\/p>\n<p>Como dice la <em>Ratio fundamentalis<\/em>, \u00abse trata de que los Seminarios puedan <strong>formar disc\u00edpulos y misioneros \u201c<em>enamorados<\/em>\u201d del Maestro, pastores \u201c<em>con olor a oveja<\/em>\u201d<\/strong>, que vivan en medio del reba\u00f1o para servirlo y llevarle la misericordia de Dios. Para ello es necesario que cada sacerdote se sienta siempre un <strong>disc\u00edpulo en camino<\/strong>, necesitado constantemente de una formaci\u00f3n integral, entendida como una continua configuraci\u00f3n con Cristo [&#8230;] El <strong>discipulado y la configuraci\u00f3n con Cristo<\/strong> se desarrollan, obviamente, durante toda la vida. Sin embargo, con las denominaciones \u201cetapa discipular\u201d y \u201cetapa configuradora\u201d se desea transmitir la importancia de subrayar, en un primer momento de la formaci\u00f3n inicial, la <strong>vivencia de ser disc\u00edpulo<\/strong> y, en los \u00faltimos a\u00f1os, la necesidad de entender la vocaci\u00f3n al ministerio y la vida sacerdotal como una <strong>continua configuraci\u00f3n con la persona de Cristo<\/strong>\u00bb.<\/p>\n<p><strong>La formaci\u00f3n sacerdotal no puede quedar separada de la vida del Pueblo de Dios, de su inserci\u00f3n en la sociedad y de los signos de los tiempos<\/strong>, a trav\u00e9s de los cuales Dios tambi\u00e9n habla. He aqu\u00ed algunas <em>claves elaboradas por el grupo de estudio 4 sobre la formaci\u00f3n sacerdotal, a partir del documento final del S\u00ednodo<\/em>, y que implican \u00abformar para ser pastores de una Iglesia sinodal: en la escucha, el di\u00e1logo, la corresponsabilidad y el discernimiento eclesial; formar sacerdotes que conozcan los rostros y los pies de los hermanos y hermanas de la comunidad cristiana a la que pertenecen y sirven; tener en cuenta que las experiencias formativas alejadas de la vida ordinaria de los fieles resultan negativas para el camino hacia el ministerio ordenado; que no falten momentos de formaci\u00f3n compartidos con laicos y laicas, personas consagradas y ministros ordenados, para aprender a conocerse y colaborar fraternalmente con todos; tener claro que el Pueblo de Dios tambi\u00e9n es llamado a contribuir en vista a un adecuado ejercicio de la corresponsabilidad diferenciada en la formaci\u00f3n sacerdotal\u00bb. Recientemente, el <strong>papa Le\u00f3n<\/strong> <strong>XIV<\/strong> ha propuesto a los seminaristas una \u00ab<em>mirada sobrenatural<\/em>\u00bb sobre el mundo, ya que \u00ab<em>el Seminario es siempre un signo de esperanza para la Iglesia<\/em>\u00bb.<\/p>\n<p>El lema del D\u00eda del Seminario de este a\u00f1o contiene las palabras de Jes\u00fas \u00ab<strong><em>Deja tus redes y s\u00edgueme<\/em><\/strong>\u00bb, inspirado en el evangelio de san Lucas: \u00ab<strong><em>Y dej\u00e1ndolo todo, lo siguieron<\/em><\/strong>\u00bb (<em>Lc<\/em> 5,11). Oremos por nuestros once seminaristas: para que perseveren en la llamada que el Se\u00f1or les dirige, como a tantos otros j\u00f3venes, y que nuestra Iglesia de Mallorca los acompa\u00f1e en este camino. El objetivo es presentar la vocaci\u00f3n sacerdotal como <strong>una llamada a la plenitud<\/strong>, mostrando el <em>rostro cercano y humano<\/em> de los seminaristas y de los sacerdotes.<\/p>\n","protected":false},"excerpt":{"rendered":"<p>Lo dec\u00eda as\u00ed el papa Francisco, refiri\u00e9ndose a este don  [&#8230;]<\/p>\n","protected":false},"author":2,"featured_media":0,"comment_status":"closed","ping_status":"open","sticky":false,"template":"","format":"standard","meta":{"footnotes":""},"categories":[39],"tags":[],"class_list":["post-31910","post","type-post","status-publish","format-standard","hentry","category-articles-del-bisbe"],"yoast_head":"<!-- This site is optimized with the Yoast SEO plugin v27.0 - https:\/\/yoast.com\/product\/yoast-seo-wordpress\/ -->\n<title>El don de la vocaci\u00f3n sacerdotal, un \u00abdiamante en bruto\u00bb que debe brillar<\/title>\n<meta name=\"robots\" content=\"index, follow, max-snippet:-1, max-image-preview:large, max-video-preview:-1\" \/>\n<link rel=\"canonical\" href=\"https:\/\/www.bisbatdemallorca.org\/en\/el-do-de-la-vocacio-sacerdotal-un-diamant-en-brut-que-ha-de-brillar\/\" \/>\n<meta property=\"og:locale\" content=\"en_US\" \/>\n<meta property=\"og:locale:alternate\" content=\"ca\" \/>\n<meta property=\"og:locale:alternate\" content=\"es_ES\" \/>\n<meta property=\"og:type\" content=\"article\" \/>\n<meta property=\"og:title\" content=\"El don de la vocaci\u00f3n sacerdotal, un \u00abdiamante en bruto\u00bb que debe brillar\" \/>\n<meta property=\"og:description\" content=\"Lo dec\u00eda as\u00ed el papa Francisco, refiri\u00e9ndose a este don [...]\" \/>\n<meta property=\"og:url\" content=\"https:\/\/www.bisbatdemallorca.org\/en\/el-do-de-la-vocacio-sacerdotal-un-diamant-en-brut-que-ha-de-brillar\/\" \/>\n<meta property=\"og:site_name\" content=\"Bisbat de Mallorca\" \/>\n<meta property=\"article:published_time\" content=\"2026-03-22T08:27:41+00:00\" \/>\n<meta property=\"article:modified_time\" content=\"2026-03-25T08:28:59+00:00\" \/>\n<meta name=\"author\" content=\"Administraci\u00f3 Bisbat de Mallorca\" \/>\n<meta name=\"twitter:card\" content=\"summary_large_image\" \/>\n<meta name=\"twitter:label1\" content=\"Written by\" \/>\n\t<meta name=\"twitter:data1\" content=\"Administraci\u00f3 Bisbat de Mallorca\" \/>\n<script type=\"application\/ld+json\" class=\"yoast-schema-graph\">{\"@context\":\"https:\/\/schema.org\",\"@graph\":[{\"@type\":\"Article\",\"@id\":\"https:\/\/www.bisbatdemallorca.org\/el-do-de-la-vocacio-sacerdotal-un-diamant-en-brut-que-ha-de-brillar\/#article\",\"isPartOf\":{\"@id\":\"https:\/\/www.bisbatdemallorca.org\/el-do-de-la-vocacio-sacerdotal-un-diamant-en-brut-que-ha-de-brillar\/\"},\"author\":{\"name\":\"Administraci\u00f3 Bisbat de Mallorca\",\"@id\":\"https:\/\/www.bisbatdemallorca.org\/ca\/#\/schema\/person\/9d198fedaef82cec34c41260a51964a6\"},\"headline\":\"El don de la vocaci\u00f3n sacerdotal, un \u00abdiamante en bruto\u00bb que debe brillar\",\"datePublished\":\"2026-03-22T08:27:41+00:00\",\"dateModified\":\"2026-03-25T08:28:59+00:00\",\"mainEntityOfPage\":{\"@id\":\"https:\/\/www.bisbatdemallorca.org\/el-do-de-la-vocacio-sacerdotal-un-diamant-en-brut-que-ha-de-brillar\/\"},\"wordCount\":1263,\"publisher\":{\"@id\":\"https:\/\/www.bisbatdemallorca.org\/ca\/#organization\"},\"articleSection\":[\"Articles del Bisbe\"],\"inLanguage\":\"en-US\"},{\"@type\":\"WebPage\",\"@id\":\"https:\/\/www.bisbatdemallorca.org\/el-do-de-la-vocacio-sacerdotal-un-diamant-en-brut-que-ha-de-brillar\/\",\"url\":\"https:\/\/www.bisbatdemallorca.org\/el-do-de-la-vocacio-sacerdotal-un-diamant-en-brut-que-ha-de-brillar\/\",\"name\":\"El don de la vocaci\u00f3n sacerdotal, un \u00abdiamante en bruto\u00bb que debe brillar\",\"isPartOf\":{\"@id\":\"https:\/\/www.bisbatdemallorca.org\/ca\/#website\"},\"datePublished\":\"2026-03-22T08:27:41+00:00\",\"dateModified\":\"2026-03-25T08:28:59+00:00\",\"breadcrumb\":{\"@id\":\"https:\/\/www.bisbatdemallorca.org\/el-do-de-la-vocacio-sacerdotal-un-diamant-en-brut-que-ha-de-brillar\/#breadcrumb\"},\"inLanguage\":\"en-US\",\"potentialAction\":[{\"@type\":\"ReadAction\",\"target\":[\"https:\/\/www.bisbatdemallorca.org\/el-do-de-la-vocacio-sacerdotal-un-diamant-en-brut-que-ha-de-brillar\/\"]}]},{\"@type\":\"BreadcrumbList\",\"@id\":\"https:\/\/www.bisbatdemallorca.org\/el-do-de-la-vocacio-sacerdotal-un-diamant-en-brut-que-ha-de-brillar\/#breadcrumb\",\"itemListElement\":[{\"@type\":\"ListItem\",\"position\":1,\"name\":\"Portada\",\"item\":\"https:\/\/www.bisbatdemallorca.org\/ca\/\"},{\"@type\":\"ListItem\",\"position\":2,\"name\":\"El don de la vocaci\u00f3n sacerdotal, un \u00abdiamante en bruto\u00bb que debe brillar\"}]},{\"@type\":\"WebSite\",\"@id\":\"https:\/\/www.bisbatdemallorca.org\/ca\/#website\",\"url\":\"https:\/\/www.bisbatdemallorca.org\/ca\/\",\"name\":\"Bisbat de Mallorca\",\"description\":\"Just another WordPress site\",\"publisher\":{\"@id\":\"https:\/\/www.bisbatdemallorca.org\/ca\/#organization\"},\"potentialAction\":[{\"@type\":\"SearchAction\",\"target\":{\"@type\":\"EntryPoint\",\"urlTemplate\":\"https:\/\/www.bisbatdemallorca.org\/ca\/?s={search_term_string}\"},\"query-input\":{\"@type\":\"PropertyValueSpecification\",\"valueRequired\":true,\"valueName\":\"search_term_string\"}}],\"inLanguage\":\"en-US\"},{\"@type\":\"Organization\",\"@id\":\"https:\/\/www.bisbatdemallorca.org\/ca\/#organization\",\"name\":\"Bisbat De Mallorca\",\"url\":\"https:\/\/www.bisbatdemallorca.org\/ca\/\",\"logo\":{\"@type\":\"ImageObject\",\"inLanguage\":\"en-US\",\"@id\":\"https:\/\/www.bisbatdemallorca.org\/ca\/#\/schema\/logo\/image\/\",\"url\":\"https:\/\/bisbatdemallorca.org\/wp-content\/uploads\/2022\/04\/Logo_Bisbat-de-Mallorca-scaled.jpeg\",\"contentUrl\":\"https:\/\/bisbatdemallorca.org\/wp-content\/uploads\/2022\/04\/Logo_Bisbat-de-Mallorca-scaled.jpeg\",\"width\":2560,\"height\":1810,\"caption\":\"Bisbat De Mallorca\"},\"image\":{\"@id\":\"https:\/\/www.bisbatdemallorca.org\/ca\/#\/schema\/logo\/image\/\"}},{\"@type\":\"Person\",\"@id\":\"https:\/\/www.bisbatdemallorca.org\/ca\/#\/schema\/person\/9d198fedaef82cec34c41260a51964a6\",\"name\":\"Administraci\u00f3 Bisbat de Mallorca\",\"image\":{\"@type\":\"ImageObject\",\"inLanguage\":\"en-US\",\"@id\":\"https:\/\/www.bisbatdemallorca.org\/ca\/#\/schema\/person\/image\/\",\"url\":\"https:\/\/secure.gravatar.com\/avatar\/cc0dac0bd15aa6305e120ea8e5b6c12f94c8fe06a53230fa56abffe62cefceb4?s=96&d=mm&r=g\",\"contentUrl\":\"https:\/\/secure.gravatar.com\/avatar\/cc0dac0bd15aa6305e120ea8e5b6c12f94c8fe06a53230fa56abffe62cefceb4?s=96&d=mm&r=g\",\"caption\":\"Administraci\u00f3 Bisbat de Mallorca\"},\"sameAs\":[\"https:\/\/bisbatdemallorca.org\"],\"url\":\"https:\/\/www.bisbatdemallorca.org\/en\/author\/administraciobisbat\/\"}]}<\/script>\n<!-- \/ Yoast SEO plugin. -->","yoast_head_json":{"title":"El don de la vocaci\u00f3n sacerdotal, un \u00abdiamante en bruto\u00bb que debe brillar","robots":{"index":"index","follow":"follow","max-snippet":"max-snippet:-1","max-image-preview":"max-image-preview:large","max-video-preview":"max-video-preview:-1"},"canonical":"https:\/\/www.bisbatdemallorca.org\/en\/el-do-de-la-vocacio-sacerdotal-un-diamant-en-brut-que-ha-de-brillar\/","og_locale":"en_US","og_type":"article","og_title":"[:ca]El do de la vocaci\u00f3 sacerdotal, un \u00abdiamant en brut\u00bb que ha de brillar[:es]El don de la vocaci\u00f3n sacerdotal, un \u00abdiamante en bruto\u00bb que debe brillar[:] - Bisbat de Mallorca","og_description":"Lo dec\u00eda as\u00ed el papa Francisco, refiri\u00e9ndose a este don [...]","og_url":"https:\/\/www.bisbatdemallorca.org\/en\/el-do-de-la-vocacio-sacerdotal-un-diamant-en-brut-que-ha-de-brillar\/","og_site_name":"Bisbat de Mallorca","article_published_time":"2026-03-22T08:27:41+00:00","article_modified_time":"2026-03-25T08:28:59+00:00","author":"Administraci\u00f3 Bisbat de Mallorca","twitter_card":"summary_large_image","twitter_misc":{"Written by":"Administraci\u00f3 Bisbat de Mallorca"},"schema":{"@context":"https:\/\/schema.org","@graph":[{"@type":"Article","@id":"https:\/\/www.bisbatdemallorca.org\/el-do-de-la-vocacio-sacerdotal-un-diamant-en-brut-que-ha-de-brillar\/#article","isPartOf":{"@id":"https:\/\/www.bisbatdemallorca.org\/el-do-de-la-vocacio-sacerdotal-un-diamant-en-brut-que-ha-de-brillar\/"},"author":{"name":"Administraci\u00f3 Bisbat de Mallorca","@id":"https:\/\/www.bisbatdemallorca.org\/ca\/#\/schema\/person\/9d198fedaef82cec34c41260a51964a6"},"headline":"El don de la vocaci\u00f3n sacerdotal, un \u00abdiamante en bruto\u00bb que debe brillar","datePublished":"2026-03-22T08:27:41+00:00","dateModified":"2026-03-25T08:28:59+00:00","mainEntityOfPage":{"@id":"https:\/\/www.bisbatdemallorca.org\/el-do-de-la-vocacio-sacerdotal-un-diamant-en-brut-que-ha-de-brillar\/"},"wordCount":1263,"publisher":{"@id":"https:\/\/www.bisbatdemallorca.org\/ca\/#organization"},"articleSection":["Articles del Bisbe"],"inLanguage":"en-US"},{"@type":"WebPage","@id":"https:\/\/www.bisbatdemallorca.org\/el-do-de-la-vocacio-sacerdotal-un-diamant-en-brut-que-ha-de-brillar\/","url":"https:\/\/www.bisbatdemallorca.org\/el-do-de-la-vocacio-sacerdotal-un-diamant-en-brut-que-ha-de-brillar\/","name":"El don de la vocaci\u00f3n sacerdotal, un \u00abdiamante en bruto\u00bb que debe brillar","isPartOf":{"@id":"https:\/\/www.bisbatdemallorca.org\/ca\/#website"},"datePublished":"2026-03-22T08:27:41+00:00","dateModified":"2026-03-25T08:28:59+00:00","breadcrumb":{"@id":"https:\/\/www.bisbatdemallorca.org\/el-do-de-la-vocacio-sacerdotal-un-diamant-en-brut-que-ha-de-brillar\/#breadcrumb"},"inLanguage":"en-US","potentialAction":[{"@type":"ReadAction","target":["https:\/\/www.bisbatdemallorca.org\/el-do-de-la-vocacio-sacerdotal-un-diamant-en-brut-que-ha-de-brillar\/"]}]},{"@type":"BreadcrumbList","@id":"https:\/\/www.bisbatdemallorca.org\/el-do-de-la-vocacio-sacerdotal-un-diamant-en-brut-que-ha-de-brillar\/#breadcrumb","itemListElement":[{"@type":"ListItem","position":1,"name":"Portada","item":"https:\/\/www.bisbatdemallorca.org\/ca\/"},{"@type":"ListItem","position":2,"name":"El don de la vocaci\u00f3n sacerdotal, un \u00abdiamante en bruto\u00bb que debe brillar"}]},{"@type":"WebSite","@id":"https:\/\/www.bisbatdemallorca.org\/ca\/#website","url":"https:\/\/www.bisbatdemallorca.org\/ca\/","name":"Bisbat de Mallorca","description":"Just another WordPress site","publisher":{"@id":"https:\/\/www.bisbatdemallorca.org\/ca\/#organization"},"potentialAction":[{"@type":"SearchAction","target":{"@type":"EntryPoint","urlTemplate":"https:\/\/www.bisbatdemallorca.org\/ca\/?s={search_term_string}"},"query-input":{"@type":"PropertyValueSpecification","valueRequired":true,"valueName":"search_term_string"}}],"inLanguage":"en-US"},{"@type":"Organization","@id":"https:\/\/www.bisbatdemallorca.org\/ca\/#organization","name":"Bisbat De Mallorca","url":"https:\/\/www.bisbatdemallorca.org\/ca\/","logo":{"@type":"ImageObject","inLanguage":"en-US","@id":"https:\/\/www.bisbatdemallorca.org\/ca\/#\/schema\/logo\/image\/","url":"https:\/\/bisbatdemallorca.org\/wp-content\/uploads\/2022\/04\/Logo_Bisbat-de-Mallorca-scaled.jpeg","contentUrl":"https:\/\/bisbatdemallorca.org\/wp-content\/uploads\/2022\/04\/Logo_Bisbat-de-Mallorca-scaled.jpeg","width":2560,"height":1810,"caption":"Bisbat De Mallorca"},"image":{"@id":"https:\/\/www.bisbatdemallorca.org\/ca\/#\/schema\/logo\/image\/"}},{"@type":"Person","@id":"https:\/\/www.bisbatdemallorca.org\/ca\/#\/schema\/person\/9d198fedaef82cec34c41260a51964a6","name":"Administraci\u00f3 Bisbat de Mallorca","image":{"@type":"ImageObject","inLanguage":"en-US","@id":"https:\/\/www.bisbatdemallorca.org\/ca\/#\/schema\/person\/image\/","url":"https:\/\/secure.gravatar.com\/avatar\/cc0dac0bd15aa6305e120ea8e5b6c12f94c8fe06a53230fa56abffe62cefceb4?s=96&d=mm&r=g","contentUrl":"https:\/\/secure.gravatar.com\/avatar\/cc0dac0bd15aa6305e120ea8e5b6c12f94c8fe06a53230fa56abffe62cefceb4?s=96&d=mm&r=g","caption":"Administraci\u00f3 Bisbat de Mallorca"},"sameAs":["https:\/\/bisbatdemallorca.org"],"url":"https:\/\/www.bisbatdemallorca.org\/en\/author\/administraciobisbat\/"}]}},"_links":{"self":[{"href":"https:\/\/www.bisbatdemallorca.org\/en\/wp-json\/wp\/v2\/posts\/31910","targetHints":{"allow":["GET"]}}],"collection":[{"href":"https:\/\/www.bisbatdemallorca.org\/en\/wp-json\/wp\/v2\/posts"}],"about":[{"href":"https:\/\/www.bisbatdemallorca.org\/en\/wp-json\/wp\/v2\/types\/post"}],"author":[{"embeddable":true,"href":"https:\/\/www.bisbatdemallorca.org\/en\/wp-json\/wp\/v2\/users\/2"}],"replies":[{"embeddable":true,"href":"https:\/\/www.bisbatdemallorca.org\/en\/wp-json\/wp\/v2\/comments?post=31910"}],"version-history":[{"count":0,"href":"https:\/\/www.bisbatdemallorca.org\/en\/wp-json\/wp\/v2\/posts\/31910\/revisions"}],"wp:attachment":[{"href":"https:\/\/www.bisbatdemallorca.org\/en\/wp-json\/wp\/v2\/media?parent=31910"}],"wp:term":[{"taxonomy":"category","embeddable":true,"href":"https:\/\/www.bisbatdemallorca.org\/en\/wp-json\/wp\/v2\/categories?post=31910"},{"taxonomy":"post_tag","embeddable":true,"href":"https:\/\/www.bisbatdemallorca.org\/en\/wp-json\/wp\/v2\/tags?post=31910"}],"curies":[{"name":"wp","href":"https:\/\/api.w.org\/{rel}","templated":true}]}}