{"id":31914,"date":"2026-03-29T09:29:57","date_gmt":"2026-03-29T07:29:57","guid":{"rendered":"https:\/\/www.bisbatdemallorca.org\/ca\/?p=31914"},"modified":"2026-03-25T09:32:54","modified_gmt":"2026-03-25T08:32:54","slug":"quantes-creus-alcades-enmig-de-la-terra","status":"publish","type":"post","link":"https:\/\/www.bisbatdemallorca.org\/en\/quantes-creus-alcades-enmig-de-la-terra\/","title":{"rendered":"\u00a1Cu\u00e1ntas cruces levantadas en la tierra!"},"content":{"rendered":"<p>Nos encontramos en el <strong>principio de la semana<\/strong> que llamamos \u00ab<strong>santa<\/strong>\u00bb, que empieza con aclamaciones de triunfo y culmina con la fiesta m\u00e1s grande, Pascua. Una semana que tiene que merecer llegar a la contemplaci\u00f3n del misterio de la Pasi\u00f3n, Muerte y Resurrecci\u00f3n del Se\u00f1or. Nuestro encuentro con \u00c9l puede ser decisivo para cada uno de nosotros, si est\u00e1 colmado de una firme voluntad de seguimiento y de aceptaci\u00f3n de su mensaje, si nuestro amor hacia \u00c9l y a los dem\u00e1s es respuesta generosa a la llamada a identificarse con el trabajo por el Reino que predica y el ofrecimiento de la implicaci\u00f3n m\u00e1s sincera.<\/p>\n<p>Llega el momento de seguir minuto a minuto los pasos de Jes\u00fas. Dediqu\u00e9mosle tiempo, orando, en silencio, conoci\u00e9ndolo y descubri\u00e9ndolo todav\u00eda m\u00e1s, y pregunt\u00e9monos:<\/p>\n<p>&nbsp;<\/p>\n<ul>\n<li><em>\u00bfQu\u00e9 ha pasado en mi vida durante esta Cuaresma?<\/em><\/li>\n<li><em>\u00bfC\u00f3mo he vivido este tiempo de gracia, de renovaci\u00f3n personal?<\/em><\/li>\n<li><em>\u00bfCu\u00e1l ha sido y es mi proceso de conversi\u00f3n, de ayuno, de caridad?<\/em><\/li>\n<li><em>\u00bfEn qu\u00e9 he cambiado por la relaci\u00f3n con la Palabra de Dios y la plegaria? <\/em><\/li>\n<li><em>\u00bfC\u00f3mo vivo la oferta del perd\u00f3n a trav\u00e9s del sacramento de la Reconciliaci\u00f3n?<\/em><\/li>\n<li><em>\u00bfC\u00f3mo he ejercitado la comunicaci\u00f3n de bienes con los m\u00e1s necesitados?<\/em><\/li>\n<li><em>\u00bfQu\u00e9 tengo que agradecer a Dios de todo este tiempo de Cuaresma?<\/em><\/li>\n<\/ul>\n<p>&nbsp;<\/p>\n<p>En este <strong>Domingo de Ramos<\/strong> con el que comienza la Semana Santa, acogemos a Jes\u00fas que entra en nuestros pueblos y en nuestro coraz\u00f3n, como lo hizo en Jerusal\u00e9n. Nuestros cantos de <em>reconocimiento<\/em>, de <em>alabanza<\/em>, de <em>gozo<\/em>, necesitan el complemento de la luminosa noche de Pascua para verificar que el encuentro con \u00c9l significa para nosotros la fuente de mayor transformaci\u00f3n para nuestra vida personal y para las estructuras de nuestra sociedad. Sabemos que Jes\u00fas viene en nombre de Dios y que, aunque la aceptaci\u00f3n de su voluntad le sea un trago amargo, la muerte en cruz, conseguir\u00e1 para todo el g\u00e9nero humano la m\u00e1s grande de las libertades, la que asegura la victoria sobre el pecado, la muerte y todo mal.<\/p>\n<p>&nbsp;<\/p>\n<p>Hoy aclamamos al que viene en nombre del Se\u00f1or, pero ahora <strong>nuestra atenci\u00f3n se centra en su pasi\u00f3n<\/strong> para hacer de ella contemplaci\u00f3n, oraci\u00f3n silenciosa. <em>\u00bfQu\u00e9 misterio esconde y revela a la vez?<\/em> Sin duda alguna, un <strong>misterio de amor<\/strong>, el amor del Dios que se ha enamorado de su pueblo y quiere llevarlo al t\u00e9rmino m\u00e1s feliz para el que lo ha <em>elegido<\/em>, se le ha <em>revelado<\/em>, lo ha <em>santificado<\/em> y se ha <em>encarnado<\/em>. Dios se ha solidarizado totalmente con la humanidad, la ha amado y lo ha dado todo por ella en la persona de su Hijo, Jes\u00fas.<\/p>\n<p>Este acercamiento ha sido posible porque Cristo \u00ab<strong><em>se rebaj\u00f3 y se hizo obediente hasta la muerte y una muerte de cruz. Por eso Dios lo ha exaltado y le ha concedido el nombre sobre todo nombre<\/em><\/strong>\u00bb (<em>Fl<\/em> 2,8-10). Estas palabras de san Pablo resumen el misterio central de nuestra vida cristiana. No nos fijamos en la cruz sin la resurrecci\u00f3n, ni en la resurrecci\u00f3n sin la cruz: nos encontramos ante este <strong>misterio de muerte y de vida<\/strong> que expresa el mayor realismo al que nos enfrentamos cada d\u00eda. Sin embargo, <em>como la de Jes\u00fas<\/em>, <em>\u00a1cu\u00e1ntas cruces siguen levantadas! \u00bfQui\u00e9n ayudar\u00e1 a convertirlas en signos de vida? <\/em>Tanto es as\u00ed que, en la luz que nos proyecta el misterio pascual de Cristo, encontramos la <strong>claridad de la fe<\/strong>, la <strong>raz\u00f3n de la esperanza<\/strong> y el <strong>ardor de la caridad<\/strong>.<\/p>\n<p>&nbsp;<\/p>\n","protected":false},"excerpt":{"rendered":"<p>Nos encontramos en el principio de la semana que llamamos  [&#8230;]<\/p>\n","protected":false},"author":2,"featured_media":0,"comment_status":"closed","ping_status":"open","sticky":false,"template":"","format":"standard","meta":{"footnotes":""},"categories":[39],"tags":[],"class_list":["post-31914","post","type-post","status-publish","format-standard","hentry","category-articles-del-bisbe"],"yoast_head":"<!-- This site is optimized with the Yoast SEO plugin v27.0 - https:\/\/yoast.com\/product\/yoast-seo-wordpress\/ -->\n<title>\u00a1Cu\u00e1ntas cruces levantadas en la tierra!<\/title>\n<meta name=\"robots\" content=\"index, follow, max-snippet:-1, max-image-preview:large, max-video-preview:-1\" \/>\n<link rel=\"canonical\" href=\"https:\/\/www.bisbatdemallorca.org\/en\/quantes-creus-alcades-enmig-de-la-terra\/\" \/>\n<meta property=\"og:locale\" content=\"en_US\" \/>\n<meta property=\"og:locale:alternate\" content=\"ca\" \/>\n<meta property=\"og:locale:alternate\" content=\"es_ES\" \/>\n<meta property=\"og:type\" content=\"article\" \/>\n<meta property=\"og:title\" content=\"\u00a1Cu\u00e1ntas cruces levantadas en la tierra!\" \/>\n<meta property=\"og:description\" content=\"Nos encontramos en el principio de la semana que llamamos [...]\" \/>\n<meta property=\"og:url\" content=\"https:\/\/www.bisbatdemallorca.org\/en\/quantes-creus-alcades-enmig-de-la-terra\/\" \/>\n<meta property=\"og:site_name\" content=\"Bisbat de Mallorca\" \/>\n<meta property=\"article:published_time\" content=\"2026-03-29T07:29:57+00:00\" \/>\n<meta name=\"author\" content=\"Administraci\u00f3 Bisbat de Mallorca\" \/>\n<meta name=\"twitter:card\" content=\"summary_large_image\" \/>\n<meta name=\"twitter:label1\" content=\"Written by\" \/>\n\t<meta name=\"twitter:data1\" content=\"Administraci\u00f3 Bisbat de Mallorca\" \/>\n<script type=\"application\/ld+json\" class=\"yoast-schema-graph\">{\"@context\":\"https:\/\/schema.org\",\"@graph\":[{\"@type\":\"Article\",\"@id\":\"https:\/\/www.bisbatdemallorca.org\/quantes-creus-alcades-enmig-de-la-terra\/#article\",\"isPartOf\":{\"@id\":\"https:\/\/www.bisbatdemallorca.org\/quantes-creus-alcades-enmig-de-la-terra\/\"},\"author\":{\"name\":\"Administraci\u00f3 Bisbat de Mallorca\",\"@id\":\"https:\/\/www.bisbatdemallorca.org\/ca\/#\/schema\/person\/9d198fedaef82cec34c41260a51964a6\"},\"headline\":\"\u00a1Cu\u00e1ntas cruces levantadas en la tierra!\",\"datePublished\":\"2026-03-29T07:29:57+00:00\",\"mainEntityOfPage\":{\"@id\":\"https:\/\/www.bisbatdemallorca.org\/quantes-creus-alcades-enmig-de-la-terra\/\"},\"wordCount\":1279,\"publisher\":{\"@id\":\"https:\/\/www.bisbatdemallorca.org\/ca\/#organization\"},\"articleSection\":[\"Articles del Bisbe\"],\"inLanguage\":\"en-US\"},{\"@type\":\"WebPage\",\"@id\":\"https:\/\/www.bisbatdemallorca.org\/quantes-creus-alcades-enmig-de-la-terra\/\",\"url\":\"https:\/\/www.bisbatdemallorca.org\/quantes-creus-alcades-enmig-de-la-terra\/\",\"name\":\"\u00a1Cu\u00e1ntas cruces levantadas en la tierra!\",\"isPartOf\":{\"@id\":\"https:\/\/www.bisbatdemallorca.org\/ca\/#website\"},\"datePublished\":\"2026-03-29T07:29:57+00:00\",\"breadcrumb\":{\"@id\":\"https:\/\/www.bisbatdemallorca.org\/quantes-creus-alcades-enmig-de-la-terra\/#breadcrumb\"},\"inLanguage\":\"en-US\",\"potentialAction\":[{\"@type\":\"ReadAction\",\"target\":[\"https:\/\/www.bisbatdemallorca.org\/quantes-creus-alcades-enmig-de-la-terra\/\"]}]},{\"@type\":\"BreadcrumbList\",\"@id\":\"https:\/\/www.bisbatdemallorca.org\/quantes-creus-alcades-enmig-de-la-terra\/#breadcrumb\",\"itemListElement\":[{\"@type\":\"ListItem\",\"position\":1,\"name\":\"Portada\",\"item\":\"https:\/\/www.bisbatdemallorca.org\/ca\/\"},{\"@type\":\"ListItem\",\"position\":2,\"name\":\"\u00a1Cu\u00e1ntas cruces levantadas en la tierra!\"}]},{\"@type\":\"WebSite\",\"@id\":\"https:\/\/www.bisbatdemallorca.org\/ca\/#website\",\"url\":\"https:\/\/www.bisbatdemallorca.org\/ca\/\",\"name\":\"Bisbat de Mallorca\",\"description\":\"Just another WordPress site\",\"publisher\":{\"@id\":\"https:\/\/www.bisbatdemallorca.org\/ca\/#organization\"},\"potentialAction\":[{\"@type\":\"SearchAction\",\"target\":{\"@type\":\"EntryPoint\",\"urlTemplate\":\"https:\/\/www.bisbatdemallorca.org\/ca\/?s={search_term_string}\"},\"query-input\":{\"@type\":\"PropertyValueSpecification\",\"valueRequired\":true,\"valueName\":\"search_term_string\"}}],\"inLanguage\":\"en-US\"},{\"@type\":\"Organization\",\"@id\":\"https:\/\/www.bisbatdemallorca.org\/ca\/#organization\",\"name\":\"Bisbat De Mallorca\",\"url\":\"https:\/\/www.bisbatdemallorca.org\/ca\/\",\"logo\":{\"@type\":\"ImageObject\",\"inLanguage\":\"en-US\",\"@id\":\"https:\/\/www.bisbatdemallorca.org\/ca\/#\/schema\/logo\/image\/\",\"url\":\"https:\/\/bisbatdemallorca.org\/wp-content\/uploads\/2022\/04\/Logo_Bisbat-de-Mallorca-scaled.jpeg\",\"contentUrl\":\"https:\/\/bisbatdemallorca.org\/wp-content\/uploads\/2022\/04\/Logo_Bisbat-de-Mallorca-scaled.jpeg\",\"width\":2560,\"height\":1810,\"caption\":\"Bisbat De Mallorca\"},\"image\":{\"@id\":\"https:\/\/www.bisbatdemallorca.org\/ca\/#\/schema\/logo\/image\/\"}},{\"@type\":\"Person\",\"@id\":\"https:\/\/www.bisbatdemallorca.org\/ca\/#\/schema\/person\/9d198fedaef82cec34c41260a51964a6\",\"name\":\"Administraci\u00f3 Bisbat de Mallorca\",\"image\":{\"@type\":\"ImageObject\",\"inLanguage\":\"en-US\",\"@id\":\"https:\/\/www.bisbatdemallorca.org\/ca\/#\/schema\/person\/image\/\",\"url\":\"https:\/\/secure.gravatar.com\/avatar\/cc0dac0bd15aa6305e120ea8e5b6c12f94c8fe06a53230fa56abffe62cefceb4?s=96&d=mm&r=g\",\"contentUrl\":\"https:\/\/secure.gravatar.com\/avatar\/cc0dac0bd15aa6305e120ea8e5b6c12f94c8fe06a53230fa56abffe62cefceb4?s=96&d=mm&r=g\",\"caption\":\"Administraci\u00f3 Bisbat de Mallorca\"},\"sameAs\":[\"https:\/\/bisbatdemallorca.org\"],\"url\":\"https:\/\/www.bisbatdemallorca.org\/en\/author\/administraciobisbat\/\"}]}<\/script>\n<!-- \/ Yoast SEO plugin. -->","yoast_head_json":{"title":"\u00a1Cu\u00e1ntas cruces levantadas en la tierra!","robots":{"index":"index","follow":"follow","max-snippet":"max-snippet:-1","max-image-preview":"max-image-preview:large","max-video-preview":"max-video-preview:-1"},"canonical":"https:\/\/www.bisbatdemallorca.org\/en\/quantes-creus-alcades-enmig-de-la-terra\/","og_locale":"en_US","og_type":"article","og_title":"[:ca]Quantes creus al\u00e7ades enmig de la terra![:es]\u00a1Cu\u00e1ntas cruces levantadas en la tierra![:] - Bisbat de Mallorca","og_description":"Nos encontramos en el principio de la semana que llamamos [...]","og_url":"https:\/\/www.bisbatdemallorca.org\/en\/quantes-creus-alcades-enmig-de-la-terra\/","og_site_name":"Bisbat de Mallorca","article_published_time":"2026-03-29T07:29:57+00:00","author":"Administraci\u00f3 Bisbat de Mallorca","twitter_card":"summary_large_image","twitter_misc":{"Written by":"Administraci\u00f3 Bisbat de Mallorca"},"schema":{"@context":"https:\/\/schema.org","@graph":[{"@type":"Article","@id":"https:\/\/www.bisbatdemallorca.org\/quantes-creus-alcades-enmig-de-la-terra\/#article","isPartOf":{"@id":"https:\/\/www.bisbatdemallorca.org\/quantes-creus-alcades-enmig-de-la-terra\/"},"author":{"name":"Administraci\u00f3 Bisbat de Mallorca","@id":"https:\/\/www.bisbatdemallorca.org\/ca\/#\/schema\/person\/9d198fedaef82cec34c41260a51964a6"},"headline":"\u00a1Cu\u00e1ntas cruces levantadas en la tierra!","datePublished":"2026-03-29T07:29:57+00:00","mainEntityOfPage":{"@id":"https:\/\/www.bisbatdemallorca.org\/quantes-creus-alcades-enmig-de-la-terra\/"},"wordCount":1279,"publisher":{"@id":"https:\/\/www.bisbatdemallorca.org\/ca\/#organization"},"articleSection":["Articles del Bisbe"],"inLanguage":"en-US"},{"@type":"WebPage","@id":"https:\/\/www.bisbatdemallorca.org\/quantes-creus-alcades-enmig-de-la-terra\/","url":"https:\/\/www.bisbatdemallorca.org\/quantes-creus-alcades-enmig-de-la-terra\/","name":"\u00a1Cu\u00e1ntas cruces levantadas en la tierra!","isPartOf":{"@id":"https:\/\/www.bisbatdemallorca.org\/ca\/#website"},"datePublished":"2026-03-29T07:29:57+00:00","breadcrumb":{"@id":"https:\/\/www.bisbatdemallorca.org\/quantes-creus-alcades-enmig-de-la-terra\/#breadcrumb"},"inLanguage":"en-US","potentialAction":[{"@type":"ReadAction","target":["https:\/\/www.bisbatdemallorca.org\/quantes-creus-alcades-enmig-de-la-terra\/"]}]},{"@type":"BreadcrumbList","@id":"https:\/\/www.bisbatdemallorca.org\/quantes-creus-alcades-enmig-de-la-terra\/#breadcrumb","itemListElement":[{"@type":"ListItem","position":1,"name":"Portada","item":"https:\/\/www.bisbatdemallorca.org\/ca\/"},{"@type":"ListItem","position":2,"name":"\u00a1Cu\u00e1ntas cruces levantadas en la tierra!"}]},{"@type":"WebSite","@id":"https:\/\/www.bisbatdemallorca.org\/ca\/#website","url":"https:\/\/www.bisbatdemallorca.org\/ca\/","name":"Bisbat de Mallorca","description":"Just another WordPress site","publisher":{"@id":"https:\/\/www.bisbatdemallorca.org\/ca\/#organization"},"potentialAction":[{"@type":"SearchAction","target":{"@type":"EntryPoint","urlTemplate":"https:\/\/www.bisbatdemallorca.org\/ca\/?s={search_term_string}"},"query-input":{"@type":"PropertyValueSpecification","valueRequired":true,"valueName":"search_term_string"}}],"inLanguage":"en-US"},{"@type":"Organization","@id":"https:\/\/www.bisbatdemallorca.org\/ca\/#organization","name":"Bisbat De Mallorca","url":"https:\/\/www.bisbatdemallorca.org\/ca\/","logo":{"@type":"ImageObject","inLanguage":"en-US","@id":"https:\/\/www.bisbatdemallorca.org\/ca\/#\/schema\/logo\/image\/","url":"https:\/\/bisbatdemallorca.org\/wp-content\/uploads\/2022\/04\/Logo_Bisbat-de-Mallorca-scaled.jpeg","contentUrl":"https:\/\/bisbatdemallorca.org\/wp-content\/uploads\/2022\/04\/Logo_Bisbat-de-Mallorca-scaled.jpeg","width":2560,"height":1810,"caption":"Bisbat De Mallorca"},"image":{"@id":"https:\/\/www.bisbatdemallorca.org\/ca\/#\/schema\/logo\/image\/"}},{"@type":"Person","@id":"https:\/\/www.bisbatdemallorca.org\/ca\/#\/schema\/person\/9d198fedaef82cec34c41260a51964a6","name":"Administraci\u00f3 Bisbat de Mallorca","image":{"@type":"ImageObject","inLanguage":"en-US","@id":"https:\/\/www.bisbatdemallorca.org\/ca\/#\/schema\/person\/image\/","url":"https:\/\/secure.gravatar.com\/avatar\/cc0dac0bd15aa6305e120ea8e5b6c12f94c8fe06a53230fa56abffe62cefceb4?s=96&d=mm&r=g","contentUrl":"https:\/\/secure.gravatar.com\/avatar\/cc0dac0bd15aa6305e120ea8e5b6c12f94c8fe06a53230fa56abffe62cefceb4?s=96&d=mm&r=g","caption":"Administraci\u00f3 Bisbat de Mallorca"},"sameAs":["https:\/\/bisbatdemallorca.org"],"url":"https:\/\/www.bisbatdemallorca.org\/en\/author\/administraciobisbat\/"}]}},"_links":{"self":[{"href":"https:\/\/www.bisbatdemallorca.org\/en\/wp-json\/wp\/v2\/posts\/31914","targetHints":{"allow":["GET"]}}],"collection":[{"href":"https:\/\/www.bisbatdemallorca.org\/en\/wp-json\/wp\/v2\/posts"}],"about":[{"href":"https:\/\/www.bisbatdemallorca.org\/en\/wp-json\/wp\/v2\/types\/post"}],"author":[{"embeddable":true,"href":"https:\/\/www.bisbatdemallorca.org\/en\/wp-json\/wp\/v2\/users\/2"}],"replies":[{"embeddable":true,"href":"https:\/\/www.bisbatdemallorca.org\/en\/wp-json\/wp\/v2\/comments?post=31914"}],"version-history":[{"count":0,"href":"https:\/\/www.bisbatdemallorca.org\/en\/wp-json\/wp\/v2\/posts\/31914\/revisions"}],"wp:attachment":[{"href":"https:\/\/www.bisbatdemallorca.org\/en\/wp-json\/wp\/v2\/media?parent=31914"}],"wp:term":[{"taxonomy":"category","embeddable":true,"href":"https:\/\/www.bisbatdemallorca.org\/en\/wp-json\/wp\/v2\/categories?post=31914"},{"taxonomy":"post_tag","embeddable":true,"href":"https:\/\/www.bisbatdemallorca.org\/en\/wp-json\/wp\/v2\/tags?post=31914"}],"curies":[{"name":"wp","href":"https:\/\/api.w.org\/{rel}","templated":true}]}}