{"id":31918,"date":"2026-04-05T09:34:23","date_gmt":"2026-04-05T07:34:23","guid":{"rendered":"https:\/\/www.bisbatdemallorca.org\/ca\/?p=31918"},"modified":"2026-03-25T09:38:57","modified_gmt":"2026-03-25T08:38:57","slug":"que-la-terra-sompli-dalegria","status":"publish","type":"post","link":"https:\/\/www.bisbatdemallorca.org\/en\/que-la-terra-sompli-dalegria\/","title":{"rendered":"\u00a1Que goce la tierra!"},"content":{"rendered":"<p>Este es el alegre grito que encabeza el Preg\u00f3n pascual que canta la Iglesia para todo el mundo en esta <strong>nueva Pascua del Se\u00f1or<\/strong> de 2026. Una noticia que contrasta con la devastaci\u00f3n de la guerra y que quiere encender <strong>una luz de esperanza<\/strong> en la victoria del bien sobre el mal, la gracia sobre el pecado, la paz sobre la guerra, el amor sobre el odio, el perd\u00f3n sobre la venganza, la vida sobre la muerte. Que \u00ab<em>la luz de Cristo, que resucita glorioso, disipe las tinieblas del coraz\u00f3n y del esp\u00edritu<\/em>\u00bb.<\/p>\n<p>Proclamando el elogio del <strong>cirio pascual<\/strong> encendido con el <strong>fuego nuevo<\/strong>, cuya llama representa a Cristo Resucitado, somos invitados a abrir los ojos, los ojos de la fe, de la esperanza y del amor, a la vez que contemplamos con admiraci\u00f3n c\u00f3mo \u00ab<em>esta columna de fuego <\/em>[\u2026]<em>, aunque distribuye su luz, no mengua al repartirla. Porque se alimenta de esta cera fundida, que elabor\u00f3 la abeja fecunda para hacer esta l\u00e1mpara preciosa<\/em>\u00bb. \u00a1Somos luz para el mundo! Lo dice Jes\u00fas.<\/p>\n<p>Dios nos habla constantemente y nos trata como amigos. Una relaci\u00f3n que siempre da buen resultado. Tanto que \u00ab<strong><em>tal como la lluvia y la nieve caen del cielo y no vuelven a \u00e9l, sino que empapan la tierra y la fecundan <\/em><\/strong>[&#8230;],<strong><em> as\u00ed es la Palabra que sale de mis labios: no volver\u00e1 a m\u00ed vac\u00eda. Realizar\u00e1 mi voluntad, cumplir\u00e1 la misi\u00f3n que yo le hab\u00eda confiado<\/em><\/strong>\u00bb (<em>Is<\/em> 55,8-11). La Palabra de Dios es viva y eficaz en el coraz\u00f3n de cada uno, cuando es recibida con confianza y humildad, como lo hace con la semilla la tierra buena, bien labrada y preparada.<\/p>\n<p>Sorprende que haya quien est\u00e1 buscando entre los muertos a Aquel que est\u00e1 vivo, <strong>Jesucristo<\/strong>. Quiz\u00e1 alguien piensa que venimos de la vida y caminamos hacia la muerte y no al rev\u00e9s, cuando de hecho, por la fe, sabemos que venimos de la nada y caminamos hacia vivir la vida en su m\u00e1s estallante manifestaci\u00f3n, en el <strong>Amor de Dios<\/strong>, ahora y para siempre. La luz de Pascua nos abre a un confiado encuentro con Jes\u00fas y a vivir con \u00c9l la actualidad del Evangelio. \u00ab<em>\u00a1Qu\u00e9 noche tan dichosa en que se une el cielo con la tierra, lo humano y lo divino!<\/em>\u00bb<\/p>\n<p>Con el <strong>bautismo<\/strong>, que en esta Pascua una vez m\u00e1s renovamos, Dios entra de lleno en nuestra vida con todo su misterio luminoso. Agradecemos que desde entonces nos ha acompa\u00f1ado siempre. Fijando la mirada en el Cirio pascual, pedimos \u00ab<em>que el lucero matinal lo encuentre ardiendo: ese lucero que no conoce ocaso, y es Cristo, tu Hijo resucitado, que, al salir del sepulcro, brilla sereno para el linaje humano<\/em>\u00bb.<\/p>\n<p>La relaci\u00f3n con Dios pasa siempre por una relaci\u00f3n de <em>proximidad con las personas<\/em>. Jes\u00fas nos ha confiado as\u00ed su testamento: \u00ab<strong><em>que os am\u00e9is unos a otros, como yo os he amado, en eso todos conocer\u00e1n que sois mis disc\u00edpulos, en el amor que os tendr\u00e9is<\/em><\/strong>\u00bb (<em>Jn<\/em> 13,34-35). Este es el fundamento de la paz tan deseada en estos tiempos convulsos, la raz\u00f3n de ser de nuestra fe y de nuestro compromiso de transformaci\u00f3n seg\u00fan el Evangelio. La salutaci\u00f3n pascual del Resucitado es y ser\u00e1 siempre: \u00ab<strong><em>\u00a1La paz est\u00e9 con vosotros!<\/em><\/strong>\u00bb (<em>Jn<\/em> 20,19), junto con el compromiso de hacer vida esta paz entre nosotros.<\/p>\n<p><strong>Pascua<\/strong> es el estallido de una nueva forma de amar, de mirar, de extender la mano. Este es el fuego que pone en movimiento, es la luz que todo lo ilumina. Pascua es el <em>paso del amor<\/em>, la <em>corriente de vida<\/em> y <em>resurrecci\u00f3n<\/em> que lo hace todo nuevo, es haber entendido a Jes\u00fas y su gesto de <em>lavar los pies<\/em>. <strong>Pascua<\/strong> es el programa del buen samaritano, que es el de un coraz\u00f3n que ve d\u00f3nde se necesita amor y act\u00faa en consecuencia. Desarmemos las palabras hirientes y pongamos <em>amabilidad<\/em>, <em>di\u00e1logo<\/em> y <em>esp\u00edritu de servicio<\/em>. \u00a1Hagamos que Pascua sea cada d\u00eda!<\/p>\n<p>Con mi afecto, felicitaci\u00f3n y bendici\u00f3n, \u00a1feliz y santa Pascua!<\/p>\n<p>&nbsp;<\/p>\n<p>+ Sebasti\u00e0 Taltavull Anglada<\/p>\n<p>Obispo de Mallorca<\/p>\n","protected":false},"excerpt":{"rendered":"<p>Este es el alegre grito que encabeza el Preg\u00f3n pascual  [&#8230;]<\/p>\n","protected":false},"author":2,"featured_media":0,"comment_status":"closed","ping_status":"open","sticky":false,"template":"","format":"standard","meta":{"footnotes":""},"categories":[39],"tags":[],"class_list":["post-31918","post","type-post","status-publish","format-standard","hentry","category-articles-del-bisbe"],"yoast_head":"<!-- This site is optimized with the Yoast SEO plugin v27.0 - https:\/\/yoast.com\/product\/yoast-seo-wordpress\/ -->\n<title>\u00a1Que goce la tierra!<\/title>\n<meta name=\"robots\" content=\"index, follow, max-snippet:-1, max-image-preview:large, max-video-preview:-1\" \/>\n<link rel=\"canonical\" href=\"https:\/\/www.bisbatdemallorca.org\/en\/que-la-terra-sompli-dalegria\/\" \/>\n<meta property=\"og:locale\" content=\"en_US\" \/>\n<meta property=\"og:locale:alternate\" content=\"ca\" \/>\n<meta property=\"og:locale:alternate\" content=\"es_ES\" \/>\n<meta property=\"og:type\" content=\"article\" \/>\n<meta property=\"og:title\" content=\"\u00a1Que goce la tierra!\" \/>\n<meta property=\"og:description\" content=\"Este es el alegre grito que encabeza el Preg\u00f3n pascual [...]\" \/>\n<meta property=\"og:url\" content=\"https:\/\/www.bisbatdemallorca.org\/en\/que-la-terra-sompli-dalegria\/\" \/>\n<meta property=\"og:site_name\" content=\"Bisbat de Mallorca\" \/>\n<meta property=\"article:published_time\" content=\"2026-04-05T07:34:23+00:00\" \/>\n<meta name=\"author\" content=\"Administraci\u00f3 Bisbat de Mallorca\" \/>\n<meta name=\"twitter:card\" content=\"summary_large_image\" \/>\n<meta name=\"twitter:label1\" content=\"Written by\" \/>\n\t<meta name=\"twitter:data1\" content=\"Administraci\u00f3 Bisbat de Mallorca\" \/>\n\t<meta name=\"twitter:label2\" content=\"Est. reading time\" \/>\n\t<meta name=\"twitter:data2\" content=\"4 minutes\" \/>\n<script type=\"application\/ld+json\" class=\"yoast-schema-graph\">{\"@context\":\"https:\/\/schema.org\",\"@graph\":[{\"@type\":\"Article\",\"@id\":\"https:\/\/www.bisbatdemallorca.org\/que-la-terra-sompli-dalegria\/#article\",\"isPartOf\":{\"@id\":\"https:\/\/www.bisbatdemallorca.org\/que-la-terra-sompli-dalegria\/\"},\"author\":{\"name\":\"Administraci\u00f3 Bisbat de Mallorca\",\"@id\":\"https:\/\/www.bisbatdemallorca.org\/ca\/#\/schema\/person\/9d198fedaef82cec34c41260a51964a6\"},\"headline\":\"\u00a1Que goce la tierra!\",\"datePublished\":\"2026-04-05T07:34:23+00:00\",\"mainEntityOfPage\":{\"@id\":\"https:\/\/www.bisbatdemallorca.org\/que-la-terra-sompli-dalegria\/\"},\"wordCount\":1450,\"publisher\":{\"@id\":\"https:\/\/www.bisbatdemallorca.org\/ca\/#organization\"},\"articleSection\":[\"Articles del Bisbe\"],\"inLanguage\":\"en-US\"},{\"@type\":\"WebPage\",\"@id\":\"https:\/\/www.bisbatdemallorca.org\/que-la-terra-sompli-dalegria\/\",\"url\":\"https:\/\/www.bisbatdemallorca.org\/que-la-terra-sompli-dalegria\/\",\"name\":\"\u00a1Que goce la tierra!\",\"isPartOf\":{\"@id\":\"https:\/\/www.bisbatdemallorca.org\/ca\/#website\"},\"datePublished\":\"2026-04-05T07:34:23+00:00\",\"breadcrumb\":{\"@id\":\"https:\/\/www.bisbatdemallorca.org\/que-la-terra-sompli-dalegria\/#breadcrumb\"},\"inLanguage\":\"en-US\",\"potentialAction\":[{\"@type\":\"ReadAction\",\"target\":[\"https:\/\/www.bisbatdemallorca.org\/que-la-terra-sompli-dalegria\/\"]}]},{\"@type\":\"BreadcrumbList\",\"@id\":\"https:\/\/www.bisbatdemallorca.org\/que-la-terra-sompli-dalegria\/#breadcrumb\",\"itemListElement\":[{\"@type\":\"ListItem\",\"position\":1,\"name\":\"Portada\",\"item\":\"https:\/\/www.bisbatdemallorca.org\/ca\/\"},{\"@type\":\"ListItem\",\"position\":2,\"name\":\"\u00a1Que goce la tierra!\"}]},{\"@type\":\"WebSite\",\"@id\":\"https:\/\/www.bisbatdemallorca.org\/ca\/#website\",\"url\":\"https:\/\/www.bisbatdemallorca.org\/ca\/\",\"name\":\"Bisbat de Mallorca\",\"description\":\"Just another WordPress site\",\"publisher\":{\"@id\":\"https:\/\/www.bisbatdemallorca.org\/ca\/#organization\"},\"potentialAction\":[{\"@type\":\"SearchAction\",\"target\":{\"@type\":\"EntryPoint\",\"urlTemplate\":\"https:\/\/www.bisbatdemallorca.org\/ca\/?s={search_term_string}\"},\"query-input\":{\"@type\":\"PropertyValueSpecification\",\"valueRequired\":true,\"valueName\":\"search_term_string\"}}],\"inLanguage\":\"en-US\"},{\"@type\":\"Organization\",\"@id\":\"https:\/\/www.bisbatdemallorca.org\/ca\/#organization\",\"name\":\"Bisbat De Mallorca\",\"url\":\"https:\/\/www.bisbatdemallorca.org\/ca\/\",\"logo\":{\"@type\":\"ImageObject\",\"inLanguage\":\"en-US\",\"@id\":\"https:\/\/www.bisbatdemallorca.org\/ca\/#\/schema\/logo\/image\/\",\"url\":\"https:\/\/bisbatdemallorca.org\/wp-content\/uploads\/2022\/04\/Logo_Bisbat-de-Mallorca-scaled.jpeg\",\"contentUrl\":\"https:\/\/bisbatdemallorca.org\/wp-content\/uploads\/2022\/04\/Logo_Bisbat-de-Mallorca-scaled.jpeg\",\"width\":2560,\"height\":1810,\"caption\":\"Bisbat De Mallorca\"},\"image\":{\"@id\":\"https:\/\/www.bisbatdemallorca.org\/ca\/#\/schema\/logo\/image\/\"}},{\"@type\":\"Person\",\"@id\":\"https:\/\/www.bisbatdemallorca.org\/ca\/#\/schema\/person\/9d198fedaef82cec34c41260a51964a6\",\"name\":\"Administraci\u00f3 Bisbat de Mallorca\",\"image\":{\"@type\":\"ImageObject\",\"inLanguage\":\"en-US\",\"@id\":\"https:\/\/www.bisbatdemallorca.org\/ca\/#\/schema\/person\/image\/\",\"url\":\"https:\/\/secure.gravatar.com\/avatar\/cc0dac0bd15aa6305e120ea8e5b6c12f94c8fe06a53230fa56abffe62cefceb4?s=96&d=mm&r=g\",\"contentUrl\":\"https:\/\/secure.gravatar.com\/avatar\/cc0dac0bd15aa6305e120ea8e5b6c12f94c8fe06a53230fa56abffe62cefceb4?s=96&d=mm&r=g\",\"caption\":\"Administraci\u00f3 Bisbat de Mallorca\"},\"sameAs\":[\"https:\/\/bisbatdemallorca.org\"],\"url\":\"https:\/\/www.bisbatdemallorca.org\/en\/author\/administraciobisbat\/\"}]}<\/script>\n<!-- \/ Yoast SEO plugin. -->","yoast_head_json":{"title":"\u00a1Que goce la tierra!","robots":{"index":"index","follow":"follow","max-snippet":"max-snippet:-1","max-image-preview":"max-image-preview:large","max-video-preview":"max-video-preview:-1"},"canonical":"https:\/\/www.bisbatdemallorca.org\/en\/que-la-terra-sompli-dalegria\/","og_locale":"en_US","og_type":"article","og_title":"[:ca]Que la terra s\u2019ompli d\u2019alegria![:es]\u00a1Que goce la tierra![:] - Bisbat de Mallorca","og_description":"Este es el alegre grito que encabeza el Preg\u00f3n pascual [...]","og_url":"https:\/\/www.bisbatdemallorca.org\/en\/que-la-terra-sompli-dalegria\/","og_site_name":"Bisbat de Mallorca","article_published_time":"2026-04-05T07:34:23+00:00","author":"Administraci\u00f3 Bisbat de Mallorca","twitter_card":"summary_large_image","twitter_misc":{"Written by":"Administraci\u00f3 Bisbat de Mallorca","Est. reading time":"4 minutes"},"schema":{"@context":"https:\/\/schema.org","@graph":[{"@type":"Article","@id":"https:\/\/www.bisbatdemallorca.org\/que-la-terra-sompli-dalegria\/#article","isPartOf":{"@id":"https:\/\/www.bisbatdemallorca.org\/que-la-terra-sompli-dalegria\/"},"author":{"name":"Administraci\u00f3 Bisbat de Mallorca","@id":"https:\/\/www.bisbatdemallorca.org\/ca\/#\/schema\/person\/9d198fedaef82cec34c41260a51964a6"},"headline":"\u00a1Que goce la tierra!","datePublished":"2026-04-05T07:34:23+00:00","mainEntityOfPage":{"@id":"https:\/\/www.bisbatdemallorca.org\/que-la-terra-sompli-dalegria\/"},"wordCount":1450,"publisher":{"@id":"https:\/\/www.bisbatdemallorca.org\/ca\/#organization"},"articleSection":["Articles del Bisbe"],"inLanguage":"en-US"},{"@type":"WebPage","@id":"https:\/\/www.bisbatdemallorca.org\/que-la-terra-sompli-dalegria\/","url":"https:\/\/www.bisbatdemallorca.org\/que-la-terra-sompli-dalegria\/","name":"\u00a1Que goce la tierra!","isPartOf":{"@id":"https:\/\/www.bisbatdemallorca.org\/ca\/#website"},"datePublished":"2026-04-05T07:34:23+00:00","breadcrumb":{"@id":"https:\/\/www.bisbatdemallorca.org\/que-la-terra-sompli-dalegria\/#breadcrumb"},"inLanguage":"en-US","potentialAction":[{"@type":"ReadAction","target":["https:\/\/www.bisbatdemallorca.org\/que-la-terra-sompli-dalegria\/"]}]},{"@type":"BreadcrumbList","@id":"https:\/\/www.bisbatdemallorca.org\/que-la-terra-sompli-dalegria\/#breadcrumb","itemListElement":[{"@type":"ListItem","position":1,"name":"Portada","item":"https:\/\/www.bisbatdemallorca.org\/ca\/"},{"@type":"ListItem","position":2,"name":"\u00a1Que goce la tierra!"}]},{"@type":"WebSite","@id":"https:\/\/www.bisbatdemallorca.org\/ca\/#website","url":"https:\/\/www.bisbatdemallorca.org\/ca\/","name":"Bisbat de Mallorca","description":"Just another WordPress site","publisher":{"@id":"https:\/\/www.bisbatdemallorca.org\/ca\/#organization"},"potentialAction":[{"@type":"SearchAction","target":{"@type":"EntryPoint","urlTemplate":"https:\/\/www.bisbatdemallorca.org\/ca\/?s={search_term_string}"},"query-input":{"@type":"PropertyValueSpecification","valueRequired":true,"valueName":"search_term_string"}}],"inLanguage":"en-US"},{"@type":"Organization","@id":"https:\/\/www.bisbatdemallorca.org\/ca\/#organization","name":"Bisbat De Mallorca","url":"https:\/\/www.bisbatdemallorca.org\/ca\/","logo":{"@type":"ImageObject","inLanguage":"en-US","@id":"https:\/\/www.bisbatdemallorca.org\/ca\/#\/schema\/logo\/image\/","url":"https:\/\/bisbatdemallorca.org\/wp-content\/uploads\/2022\/04\/Logo_Bisbat-de-Mallorca-scaled.jpeg","contentUrl":"https:\/\/bisbatdemallorca.org\/wp-content\/uploads\/2022\/04\/Logo_Bisbat-de-Mallorca-scaled.jpeg","width":2560,"height":1810,"caption":"Bisbat De Mallorca"},"image":{"@id":"https:\/\/www.bisbatdemallorca.org\/ca\/#\/schema\/logo\/image\/"}},{"@type":"Person","@id":"https:\/\/www.bisbatdemallorca.org\/ca\/#\/schema\/person\/9d198fedaef82cec34c41260a51964a6","name":"Administraci\u00f3 Bisbat de Mallorca","image":{"@type":"ImageObject","inLanguage":"en-US","@id":"https:\/\/www.bisbatdemallorca.org\/ca\/#\/schema\/person\/image\/","url":"https:\/\/secure.gravatar.com\/avatar\/cc0dac0bd15aa6305e120ea8e5b6c12f94c8fe06a53230fa56abffe62cefceb4?s=96&d=mm&r=g","contentUrl":"https:\/\/secure.gravatar.com\/avatar\/cc0dac0bd15aa6305e120ea8e5b6c12f94c8fe06a53230fa56abffe62cefceb4?s=96&d=mm&r=g","caption":"Administraci\u00f3 Bisbat de Mallorca"},"sameAs":["https:\/\/bisbatdemallorca.org"],"url":"https:\/\/www.bisbatdemallorca.org\/en\/author\/administraciobisbat\/"}]}},"_links":{"self":[{"href":"https:\/\/www.bisbatdemallorca.org\/en\/wp-json\/wp\/v2\/posts\/31918","targetHints":{"allow":["GET"]}}],"collection":[{"href":"https:\/\/www.bisbatdemallorca.org\/en\/wp-json\/wp\/v2\/posts"}],"about":[{"href":"https:\/\/www.bisbatdemallorca.org\/en\/wp-json\/wp\/v2\/types\/post"}],"author":[{"embeddable":true,"href":"https:\/\/www.bisbatdemallorca.org\/en\/wp-json\/wp\/v2\/users\/2"}],"replies":[{"embeddable":true,"href":"https:\/\/www.bisbatdemallorca.org\/en\/wp-json\/wp\/v2\/comments?post=31918"}],"version-history":[{"count":0,"href":"https:\/\/www.bisbatdemallorca.org\/en\/wp-json\/wp\/v2\/posts\/31918\/revisions"}],"wp:attachment":[{"href":"https:\/\/www.bisbatdemallorca.org\/en\/wp-json\/wp\/v2\/media?parent=31918"}],"wp:term":[{"taxonomy":"category","embeddable":true,"href":"https:\/\/www.bisbatdemallorca.org\/en\/wp-json\/wp\/v2\/categories?post=31918"},{"taxonomy":"post_tag","embeddable":true,"href":"https:\/\/www.bisbatdemallorca.org\/en\/wp-json\/wp\/v2\/tags?post=31918"}],"curies":[{"name":"wp","href":"https:\/\/api.w.org\/{rel}","templated":true}]}}