{"id":32256,"date":"2026-04-19T09:12:48","date_gmt":"2026-04-19T07:12:48","guid":{"rendered":"https:\/\/www.bisbatdemallorca.org\/ca\/?p=32256"},"modified":"2026-04-14T09:14:25","modified_gmt":"2026-04-14T07:14:25","slug":"litinerari-normal-dun-cristia-que-es-deixa-acompanyar","status":"publish","type":"post","link":"https:\/\/www.bisbatdemallorca.org\/en\/litinerari-normal-dun-cristia-que-es-deixa-acompanyar\/","title":{"rendered":"El itinerario \u00abnormal\u00bb de un cristiano que se deja acompa\u00f1ar"},"content":{"rendered":"<p>El relato evang\u00e9lico que cuenta c\u00f3mo Jes\u00fas se pone a caminar con dos disc\u00edpulos podr\u00eda muy bien ser la muestra de un itinerario \u00abnormal\u00bb para crecer como cristianos de los que se dejan acompa\u00f1ar y quieren realmente progresar en el seguimiento de Jes\u00fas. En este relato est\u00e1 todo, desde el punto de partida, que es la <em>decepci\u00f3n<\/em>, hasta el <strong>entusiasmo del seguimiento<\/strong>. Con una pedagog\u00eda muy h\u00e1bil, Jes\u00fas acompa\u00f1a un proceso normal de crecimiento en la fe o de iniciaci\u00f3n cristiana, lo que, en las circunstancias actuales, tanta falta hace para que lleguemos a ser cristianos adultos. La <strong>escucha de la Palabra de Dios<\/strong> nos sit\u00faa, pues, ante <strong>la verdad del encuentro con el Cristo<\/strong> vivo y presente en los caminos de nuestra vida.<\/p>\n<p><em>\u00bfC\u00f3mo son estos caminos, contemplando la realidad de cada d\u00eda? <\/em>Siendo realistas, son caminos de ida y vuelta, de frustraciones y de euforias, de desenga\u00f1os y de adhesiones. Caminos, tambi\u00e9n, de ignorancia, de indiferencia y desesperanza. En ciertos aspectos, as\u00ed lo viven los que hab\u00edan puesto su confianza en Jes\u00fas cuando dicen \u00ab<strong><em>nosotros esper\u00e1bamos que ser\u00eda el libertador de Israel<\/em><\/strong>\u2026\u00bb (<em>Lc<\/em> 24,21) La frecuencia con que se pronuncian esta y otras frases similares denota una reacci\u00f3n que invade nuestras conversaciones y pone al descubierto una decepci\u00f3n directamente relacionada con Jes\u00fas o con sus seguidores.<\/p>\n<p>A todo ello, hay que a\u00f1adir el hecho de los que se van, de aquellos y aquellas que separan la vida del Evangelio o viven como si no creyesen; una especie de <em>apostas\u00eda silenciosa<\/em>, un intento de hacer prevalecer una comprensi\u00f3n del hombre sin Dios y sin Cristo, de vivir como si Dios no existiese. Nuestro mundo occidental ahora lo vive como una <em>crisis de identidad<\/em> porque ha perdido sus ra\u00edces y el referente que lo defin\u00eda. Con todo, hay demanda religiosa, pero con frecuencia revestida de un cumplimiento puramente externo o que no quiere comprometerse con las exigencias del Evangelio y lo que la Iglesia sugiere, y vive la religiosidad como un puro tr\u00e1mite, especialmente en relaci\u00f3n con la celebraci\u00f3n de algunos sacramentos. Tambi\u00e9n en eso tienen que ver la falta de formaci\u00f3n y la ignorancia religiosa.<\/p>\n<p>Con todo, el Evangelio nos hace ver que el Resucitado est\u00e1 dispuesto a acompa\u00f1ar a este hombre y esta mujer que est\u00e1n de vuelta y que han perdido el rumbo de su vida. <em>\u00bfQui\u00e9n debe dejarse acompa\u00f1ar?<\/em> <em>\u00bfQui\u00e9n, en nombre de Cristo y de la Iglesia, quiere acompa\u00f1ar y ayudar a otros a iniciar de nuevo el trayecto de retorno y ayudar a volver a empezar?<\/em> Hoy, nos anima ver a muchas personas adultas que est\u00e1n descubriendo el ser cristiano y piden los sacramentos de la iniciaci\u00f3n cristiana, otros tambi\u00e9n el sacramento de la confirmaci\u00f3n, que de j\u00f3venes no hab\u00edan recibido. Debemos ofrecer <strong>acompa\u00f1amiento<\/strong> y <strong>ayuda<\/strong>. Est\u00e1 en manos de las parroquias y de la propia di\u00f3cesis organizarlo y proponer el <strong>catecumenado<\/strong>, que es todo un tiempo de <em>conversi\u00f3n<\/em> y de integraci\u00f3n en la <em>comunidad cristiana<\/em>.<\/p>\n<p>Cuando el Se\u00f1or se pone a caminar con los dos disc\u00edpulos que van a Ema\u00fas, les ofrece la posibilidad de recapacitar y descubrir a trav\u00e9s de su <strong>Palabra<\/strong> la verdad de su persona y el porqu\u00e9 de los acontecimientos que han vivido. Es la raz\u00f3n por la que momentos despu\u00e9s, en la <strong>Fracci\u00f3n del Pan<\/strong>, reconocer\u00e1n el cambio que el Se\u00f1or Resucitado ha operado en sus corazones: <strong><em>\u00ab\u00bfNo ard\u00eda nuestro coraz\u00f3n mientras nos hablaba por el camino y nos explicaba las Escrituras?<\/em><\/strong>\u00bb (<em>Lc<\/em> 24,32). Vuelve la confianza y renace el entusiasmo. Ahora, no solo se dejan acompa\u00f1ar, sino que acompa\u00f1an a otros. Es la tarea paciente de la evangelizaci\u00f3n. \u00a1Hagamos lo mismo!<\/p>\n","protected":false},"excerpt":{"rendered":"<p>El relato evang\u00e9lico que cuenta c\u00f3mo Jes\u00fas se pone a  [&#8230;]<\/p>\n","protected":false},"author":2,"featured_media":0,"comment_status":"closed","ping_status":"open","sticky":false,"template":"","format":"standard","meta":{"footnotes":""},"categories":[39],"tags":[],"class_list":["post-32256","post","type-post","status-publish","format-standard","hentry","category-articles-del-bisbe"],"yoast_head":"<!-- This site is optimized with the Yoast SEO plugin v27.0 - https:\/\/yoast.com\/product\/yoast-seo-wordpress\/ -->\n<title>El itinerario \u00abnormal\u00bb de un cristiano que se deja acompa\u00f1ar<\/title>\n<meta name=\"robots\" content=\"index, follow, max-snippet:-1, max-image-preview:large, max-video-preview:-1\" \/>\n<link rel=\"canonical\" href=\"https:\/\/www.bisbatdemallorca.org\/en\/litinerari-normal-dun-cristia-que-es-deixa-acompanyar\/\" \/>\n<meta property=\"og:locale\" content=\"en_US\" \/>\n<meta property=\"og:locale:alternate\" content=\"ca\" \/>\n<meta property=\"og:locale:alternate\" content=\"es_ES\" \/>\n<meta property=\"og:type\" content=\"article\" \/>\n<meta property=\"og:title\" content=\"El itinerario \u00abnormal\u00bb de un cristiano que se deja acompa\u00f1ar\" \/>\n<meta property=\"og:description\" content=\"El relato evang\u00e9lico que cuenta c\u00f3mo Jes\u00fas se pone a [...]\" \/>\n<meta property=\"og:url\" content=\"https:\/\/www.bisbatdemallorca.org\/en\/litinerari-normal-dun-cristia-que-es-deixa-acompanyar\/\" \/>\n<meta property=\"og:site_name\" content=\"Bisbat de Mallorca\" \/>\n<meta property=\"article:published_time\" content=\"2026-04-19T07:12:48+00:00\" \/>\n<meta name=\"author\" content=\"Administraci\u00f3 Bisbat de Mallorca\" \/>\n<meta name=\"twitter:card\" content=\"summary_large_image\" \/>\n<meta name=\"twitter:label1\" content=\"Written by\" \/>\n\t<meta name=\"twitter:data1\" content=\"Administraci\u00f3 Bisbat de Mallorca\" \/>\n<script type=\"application\/ld+json\" class=\"yoast-schema-graph\">{\"@context\":\"https:\/\/schema.org\",\"@graph\":[{\"@type\":\"Article\",\"@id\":\"https:\/\/www.bisbatdemallorca.org\/litinerari-normal-dun-cristia-que-es-deixa-acompanyar\/#article\",\"isPartOf\":{\"@id\":\"https:\/\/www.bisbatdemallorca.org\/litinerari-normal-dun-cristia-que-es-deixa-acompanyar\/\"},\"author\":{\"name\":\"Administraci\u00f3 Bisbat de Mallorca\",\"@id\":\"https:\/\/www.bisbatdemallorca.org\/ca\/#\/schema\/person\/9d198fedaef82cec34c41260a51964a6\"},\"headline\":\"El itinerario \u00abnormal\u00bb de un cristiano que se deja acompa\u00f1ar\",\"datePublished\":\"2026-04-19T07:12:48+00:00\",\"mainEntityOfPage\":{\"@id\":\"https:\/\/www.bisbatdemallorca.org\/litinerari-normal-dun-cristia-que-es-deixa-acompanyar\/\"},\"wordCount\":1363,\"publisher\":{\"@id\":\"https:\/\/www.bisbatdemallorca.org\/ca\/#organization\"},\"articleSection\":[\"Articles del Bisbe\"],\"inLanguage\":\"en-US\"},{\"@type\":\"WebPage\",\"@id\":\"https:\/\/www.bisbatdemallorca.org\/litinerari-normal-dun-cristia-que-es-deixa-acompanyar\/\",\"url\":\"https:\/\/www.bisbatdemallorca.org\/litinerari-normal-dun-cristia-que-es-deixa-acompanyar\/\",\"name\":\"El itinerario \u00abnormal\u00bb de un cristiano que se deja acompa\u00f1ar\",\"isPartOf\":{\"@id\":\"https:\/\/www.bisbatdemallorca.org\/ca\/#website\"},\"datePublished\":\"2026-04-19T07:12:48+00:00\",\"breadcrumb\":{\"@id\":\"https:\/\/www.bisbatdemallorca.org\/litinerari-normal-dun-cristia-que-es-deixa-acompanyar\/#breadcrumb\"},\"inLanguage\":\"en-US\",\"potentialAction\":[{\"@type\":\"ReadAction\",\"target\":[\"https:\/\/www.bisbatdemallorca.org\/litinerari-normal-dun-cristia-que-es-deixa-acompanyar\/\"]}]},{\"@type\":\"BreadcrumbList\",\"@id\":\"https:\/\/www.bisbatdemallorca.org\/litinerari-normal-dun-cristia-que-es-deixa-acompanyar\/#breadcrumb\",\"itemListElement\":[{\"@type\":\"ListItem\",\"position\":1,\"name\":\"Portada\",\"item\":\"https:\/\/www.bisbatdemallorca.org\/ca\/\"},{\"@type\":\"ListItem\",\"position\":2,\"name\":\"El itinerario \u00abnormal\u00bb de un cristiano que se deja acompa\u00f1ar\"}]},{\"@type\":\"WebSite\",\"@id\":\"https:\/\/www.bisbatdemallorca.org\/ca\/#website\",\"url\":\"https:\/\/www.bisbatdemallorca.org\/ca\/\",\"name\":\"Bisbat de Mallorca\",\"description\":\"Just another WordPress site\",\"publisher\":{\"@id\":\"https:\/\/www.bisbatdemallorca.org\/ca\/#organization\"},\"potentialAction\":[{\"@type\":\"SearchAction\",\"target\":{\"@type\":\"EntryPoint\",\"urlTemplate\":\"https:\/\/www.bisbatdemallorca.org\/ca\/?s={search_term_string}\"},\"query-input\":{\"@type\":\"PropertyValueSpecification\",\"valueRequired\":true,\"valueName\":\"search_term_string\"}}],\"inLanguage\":\"en-US\"},{\"@type\":\"Organization\",\"@id\":\"https:\/\/www.bisbatdemallorca.org\/ca\/#organization\",\"name\":\"Bisbat De Mallorca\",\"url\":\"https:\/\/www.bisbatdemallorca.org\/ca\/\",\"logo\":{\"@type\":\"ImageObject\",\"inLanguage\":\"en-US\",\"@id\":\"https:\/\/www.bisbatdemallorca.org\/ca\/#\/schema\/logo\/image\/\",\"url\":\"https:\/\/bisbatdemallorca.org\/wp-content\/uploads\/2022\/04\/Logo_Bisbat-de-Mallorca-scaled.jpeg\",\"contentUrl\":\"https:\/\/bisbatdemallorca.org\/wp-content\/uploads\/2022\/04\/Logo_Bisbat-de-Mallorca-scaled.jpeg\",\"width\":2560,\"height\":1810,\"caption\":\"Bisbat De Mallorca\"},\"image\":{\"@id\":\"https:\/\/www.bisbatdemallorca.org\/ca\/#\/schema\/logo\/image\/\"}},{\"@type\":\"Person\",\"@id\":\"https:\/\/www.bisbatdemallorca.org\/ca\/#\/schema\/person\/9d198fedaef82cec34c41260a51964a6\",\"name\":\"Administraci\u00f3 Bisbat de Mallorca\",\"image\":{\"@type\":\"ImageObject\",\"inLanguage\":\"en-US\",\"@id\":\"https:\/\/www.bisbatdemallorca.org\/ca\/#\/schema\/person\/image\/\",\"url\":\"https:\/\/secure.gravatar.com\/avatar\/cc0dac0bd15aa6305e120ea8e5b6c12f94c8fe06a53230fa56abffe62cefceb4?s=96&d=mm&r=g\",\"contentUrl\":\"https:\/\/secure.gravatar.com\/avatar\/cc0dac0bd15aa6305e120ea8e5b6c12f94c8fe06a53230fa56abffe62cefceb4?s=96&d=mm&r=g\",\"caption\":\"Administraci\u00f3 Bisbat de Mallorca\"},\"sameAs\":[\"https:\/\/bisbatdemallorca.org\"],\"url\":\"https:\/\/www.bisbatdemallorca.org\/en\/author\/administraciobisbat\/\"}]}<\/script>\n<!-- \/ Yoast SEO plugin. -->","yoast_head_json":{"title":"El itinerario \u00abnormal\u00bb de un cristiano que se deja acompa\u00f1ar","robots":{"index":"index","follow":"follow","max-snippet":"max-snippet:-1","max-image-preview":"max-image-preview:large","max-video-preview":"max-video-preview:-1"},"canonical":"https:\/\/www.bisbatdemallorca.org\/en\/litinerari-normal-dun-cristia-que-es-deixa-acompanyar\/","og_locale":"en_US","og_type":"article","og_title":"[:ca]L\u2019itinerari \u00abnormal\u00bb d\u2019un cristi\u00e0 que es deixa acompanyar[:es]El itinerario \u00abnormal\u00bb de un cristiano que se deja acompa\u00f1ar[:] - Bisbat de Mallorca","og_description":"El relato evang\u00e9lico que cuenta c\u00f3mo Jes\u00fas se pone a [...]","og_url":"https:\/\/www.bisbatdemallorca.org\/en\/litinerari-normal-dun-cristia-que-es-deixa-acompanyar\/","og_site_name":"Bisbat de Mallorca","article_published_time":"2026-04-19T07:12:48+00:00","author":"Administraci\u00f3 Bisbat de Mallorca","twitter_card":"summary_large_image","twitter_misc":{"Written by":"Administraci\u00f3 Bisbat de Mallorca"},"schema":{"@context":"https:\/\/schema.org","@graph":[{"@type":"Article","@id":"https:\/\/www.bisbatdemallorca.org\/litinerari-normal-dun-cristia-que-es-deixa-acompanyar\/#article","isPartOf":{"@id":"https:\/\/www.bisbatdemallorca.org\/litinerari-normal-dun-cristia-que-es-deixa-acompanyar\/"},"author":{"name":"Administraci\u00f3 Bisbat de Mallorca","@id":"https:\/\/www.bisbatdemallorca.org\/ca\/#\/schema\/person\/9d198fedaef82cec34c41260a51964a6"},"headline":"El itinerario \u00abnormal\u00bb de un cristiano que se deja acompa\u00f1ar","datePublished":"2026-04-19T07:12:48+00:00","mainEntityOfPage":{"@id":"https:\/\/www.bisbatdemallorca.org\/litinerari-normal-dun-cristia-que-es-deixa-acompanyar\/"},"wordCount":1363,"publisher":{"@id":"https:\/\/www.bisbatdemallorca.org\/ca\/#organization"},"articleSection":["Articles del Bisbe"],"inLanguage":"en-US"},{"@type":"WebPage","@id":"https:\/\/www.bisbatdemallorca.org\/litinerari-normal-dun-cristia-que-es-deixa-acompanyar\/","url":"https:\/\/www.bisbatdemallorca.org\/litinerari-normal-dun-cristia-que-es-deixa-acompanyar\/","name":"El itinerario \u00abnormal\u00bb de un cristiano que se deja acompa\u00f1ar","isPartOf":{"@id":"https:\/\/www.bisbatdemallorca.org\/ca\/#website"},"datePublished":"2026-04-19T07:12:48+00:00","breadcrumb":{"@id":"https:\/\/www.bisbatdemallorca.org\/litinerari-normal-dun-cristia-que-es-deixa-acompanyar\/#breadcrumb"},"inLanguage":"en-US","potentialAction":[{"@type":"ReadAction","target":["https:\/\/www.bisbatdemallorca.org\/litinerari-normal-dun-cristia-que-es-deixa-acompanyar\/"]}]},{"@type":"BreadcrumbList","@id":"https:\/\/www.bisbatdemallorca.org\/litinerari-normal-dun-cristia-que-es-deixa-acompanyar\/#breadcrumb","itemListElement":[{"@type":"ListItem","position":1,"name":"Portada","item":"https:\/\/www.bisbatdemallorca.org\/ca\/"},{"@type":"ListItem","position":2,"name":"El itinerario \u00abnormal\u00bb de un cristiano que se deja acompa\u00f1ar"}]},{"@type":"WebSite","@id":"https:\/\/www.bisbatdemallorca.org\/ca\/#website","url":"https:\/\/www.bisbatdemallorca.org\/ca\/","name":"Bisbat de Mallorca","description":"Just another WordPress site","publisher":{"@id":"https:\/\/www.bisbatdemallorca.org\/ca\/#organization"},"potentialAction":[{"@type":"SearchAction","target":{"@type":"EntryPoint","urlTemplate":"https:\/\/www.bisbatdemallorca.org\/ca\/?s={search_term_string}"},"query-input":{"@type":"PropertyValueSpecification","valueRequired":true,"valueName":"search_term_string"}}],"inLanguage":"en-US"},{"@type":"Organization","@id":"https:\/\/www.bisbatdemallorca.org\/ca\/#organization","name":"Bisbat De Mallorca","url":"https:\/\/www.bisbatdemallorca.org\/ca\/","logo":{"@type":"ImageObject","inLanguage":"en-US","@id":"https:\/\/www.bisbatdemallorca.org\/ca\/#\/schema\/logo\/image\/","url":"https:\/\/bisbatdemallorca.org\/wp-content\/uploads\/2022\/04\/Logo_Bisbat-de-Mallorca-scaled.jpeg","contentUrl":"https:\/\/bisbatdemallorca.org\/wp-content\/uploads\/2022\/04\/Logo_Bisbat-de-Mallorca-scaled.jpeg","width":2560,"height":1810,"caption":"Bisbat De Mallorca"},"image":{"@id":"https:\/\/www.bisbatdemallorca.org\/ca\/#\/schema\/logo\/image\/"}},{"@type":"Person","@id":"https:\/\/www.bisbatdemallorca.org\/ca\/#\/schema\/person\/9d198fedaef82cec34c41260a51964a6","name":"Administraci\u00f3 Bisbat de Mallorca","image":{"@type":"ImageObject","inLanguage":"en-US","@id":"https:\/\/www.bisbatdemallorca.org\/ca\/#\/schema\/person\/image\/","url":"https:\/\/secure.gravatar.com\/avatar\/cc0dac0bd15aa6305e120ea8e5b6c12f94c8fe06a53230fa56abffe62cefceb4?s=96&d=mm&r=g","contentUrl":"https:\/\/secure.gravatar.com\/avatar\/cc0dac0bd15aa6305e120ea8e5b6c12f94c8fe06a53230fa56abffe62cefceb4?s=96&d=mm&r=g","caption":"Administraci\u00f3 Bisbat de Mallorca"},"sameAs":["https:\/\/bisbatdemallorca.org"],"url":"https:\/\/www.bisbatdemallorca.org\/en\/author\/administraciobisbat\/"}]}},"_links":{"self":[{"href":"https:\/\/www.bisbatdemallorca.org\/en\/wp-json\/wp\/v2\/posts\/32256","targetHints":{"allow":["GET"]}}],"collection":[{"href":"https:\/\/www.bisbatdemallorca.org\/en\/wp-json\/wp\/v2\/posts"}],"about":[{"href":"https:\/\/www.bisbatdemallorca.org\/en\/wp-json\/wp\/v2\/types\/post"}],"author":[{"embeddable":true,"href":"https:\/\/www.bisbatdemallorca.org\/en\/wp-json\/wp\/v2\/users\/2"}],"replies":[{"embeddable":true,"href":"https:\/\/www.bisbatdemallorca.org\/en\/wp-json\/wp\/v2\/comments?post=32256"}],"version-history":[{"count":0,"href":"https:\/\/www.bisbatdemallorca.org\/en\/wp-json\/wp\/v2\/posts\/32256\/revisions"}],"wp:attachment":[{"href":"https:\/\/www.bisbatdemallorca.org\/en\/wp-json\/wp\/v2\/media?parent=32256"}],"wp:term":[{"taxonomy":"category","embeddable":true,"href":"https:\/\/www.bisbatdemallorca.org\/en\/wp-json\/wp\/v2\/categories?post=32256"},{"taxonomy":"post_tag","embeddable":true,"href":"https:\/\/www.bisbatdemallorca.org\/en\/wp-json\/wp\/v2\/tags?post=32256"}],"curies":[{"name":"wp","href":"https:\/\/api.w.org\/{rel}","templated":true}]}}