{"id":32536,"date":"2026-04-26T11:08:29","date_gmt":"2026-04-26T09:08:29","guid":{"rendered":"https:\/\/www.bisbatdemallorca.org\/ca\/?p=32536"},"modified":"2026-04-30T11:10:41","modified_gmt":"2026-04-30T09:10:41","slug":"la-fidelitat-que-genera-futur-i-construeix-la-pau","status":"publish","type":"post","link":"https:\/\/www.bisbatdemallorca.org\/en\/la-fidelitat-que-genera-futur-i-construeix-la-pau\/","title":{"rendered":"26 d&#8217;abril de 2026. La fidelidad que genera futuro y construye la paz"},"content":{"rendered":"<p><strong>La fidelidad que genera futuro y construye la paz<\/strong><\/p>\n<p>Cuando Jes\u00fas dice: \u00ab<strong><em>Yo soy la puerta<\/em><\/strong>\u00bb (<em>Jn <\/em>10,7), nos est\u00e1 indicando por d\u00f3nde debemos entrar para encontrarnos con \u00c9l y qu\u00e9 sentido tiene su gu\u00eda como \u00ab<strong><em>buen pastor<\/em><\/strong>\u00bb (<em>Jn<\/em> 10,11.14) que nos quiere \u00abcon olor de oveja\u00bb. Me viene a la memoria la soledad de un joven que me encontr\u00e9 en la puerta de la iglesia de la parroquia y que hab\u00eda le\u00eddo la frase de Jes\u00fas \u00ab<strong><em>Yo soy la puerta<\/em><\/strong>\u00bb, y me dijo: \u00ab<em>\u00a1seguro que esta puerta est\u00e1 abierta!<\/em>\u00bb. Me emocion\u00f3 lo que me contaba y por qu\u00e9 entraba, ya que se le hab\u00edan cerrado todas las puertas&#8230; Entend\u00ed m\u00e1s, despu\u00e9s de acogerlo y escuchar la dram\u00e1tica situaci\u00f3n en que se encontraba, qu\u00e9 nos quer\u00eda decir Jes\u00fas y qu\u00e9 quer\u00eda que hici\u00e9semos. Hoy tambi\u00e9n, en tantas ocasiones que se nos presentan, quiero descubrir una vez m\u00e1s que es muy actual lo que dice Jes\u00fas: \u00ab<strong><em>todo lo que hicisteis a uno de estos mis hermanos m\u00e1s peque\u00f1os, a m\u00ed me lo hicisteis<\/em><\/strong>\u00bb (<em>Mt <\/em>25,40). Toda persona es tambi\u00e9n la \u00ab<em>puerta<\/em>\u00bb para encontrarlo. \u00a1Estas persones hoy son muchas!<\/p>\n<p><strong>Si leemos el Evangelio en clave pastoral<\/strong>, nos encontramos con el estilo de actuaci\u00f3n que nos propone Jes\u00fas con su ejemplo como buen pastor. Y, en concreto, si nos lo aplicamos a nosotros, presb\u00edteros y obispos, es cuando tenemos que referirnos, como nos pide el papa Le\u00f3n XIV, a la conciencia de que perseverar en la misi\u00f3n apost\u00f3lica nos ofrece la posibilidad de interrogarnos sobre el futuro del ministerio y de ayudar a otros a percibir la alegr\u00eda de la vocaci\u00f3n presbiteral. Estamos llamados a \u00ab<strong>una fidelidad que genera futuro<\/strong>\u00bb. Veamos as\u00ed la importancia de la <em>promoci\u00f3n vocacional<\/em> y el trabajo que nos corresponde realizar personal e institucionalmente para que sean muchos los que descubran y elijan este camino, al que Dios les llama. Hagamos todo lo posible para que esta preocupaci\u00f3n y acci\u00f3n sea prioritaria en todos los organismos de nuestra Iglesia diocesana, especialmente <em>comunidades parroquiales<\/em> y <em>familias<\/em>, <em>centros educativos<\/em> y de <em>catequesis<\/em>, <em>movimientos juveniles<\/em> y tantas otras instancias.<\/p>\n<p><strong>Desde la fidelidad, abramos puertas y trabajemos la paz<\/strong>, como lo hace Jes\u00fas resucitado, buen pastor, cada vez que se presenta vivo ante sus disc\u00edpulos, habla con ellos y comparte mesa. Este trabajo fiel pide construir una <strong>arquitectura de la paz<\/strong>, poniendo este \u00e9nfasis en toda acci\u00f3n pastoral y humanitaria. El papa Le\u00f3n, en la Vigilia de oraci\u00f3n por la paz de hace dos semanas, dec\u00eda que \u00ab<em>la guerra divide, la esperanza une. La prepotencia pisotea, el amor levanta. La idolatr\u00eda ciega, el Dios vivo ilumina. Basta un poco de fe, una pizca de fe, queridos hermanos, para afrontar juntos,\u00a0como\u00a0humanidad y\u00a0con\u00a0humanidad, esta hora dram\u00e1tica de la historia<\/em> [&#8230;].<em> \u00a1<\/em><em>Alcemos entonces la mirada! \u00a1Volvamos a levantarnos de entre los escombros!<\/em> [&#8230;]. <em>\u201cSiento el deber de decir a todos los j\u00f3venes <\/em>[&#8230;]<em>: <strong>\u00a1Nunca m\u00e1s la guerra<\/strong>!\u201d<\/em>\u00bb. Pone todo el valor en la <strong>oraci\u00f3n<\/strong>, que es la que nos educa para actuar. \u00ab<em>Las limitadas posibilidades humanas se unen en la oraci\u00f3n a las infinitas posibilidades de Dios<\/em>\u00bb. Y a\u00f1adir\u00e1 que \u00ab<em>el que reza es consciente de sus propios l\u00edmites, no mata ni amenaza con la muerte<\/em>\u00bb.<\/p>\n<p>Habi\u00e9ndonos encontrado con Jes\u00fas, escuchemos las palabras que Pedro nos dirige hoy: \u00ab<strong><em>Hab\u00e9is vuelto al pastor y guardi\u00e1n de vuestras vidas<\/em><\/strong>\u00bb (<em>1Pe<\/em> 2,23). <em>\u00bfQu\u00e9 quiere decir volver al reba\u00f1o? \u00bfA qu\u00e9 nos lleva pasar por su puerta? \u00bfQu\u00e9 supone encontrarse con el pastor y el reba\u00f1o?<\/em> Los que escucharon el discurso de Pedro el d\u00eda de Pentecost\u00e9s experimentaron que les pasaba algo nuevo. Fueron unas palabras expl\u00edcitas sobre Jes\u00fas las que hicieron que preguntasen a Pedro y a los dem\u00e1s ap\u00f3stoles: \u00ab<strong><em>\u00bfQu\u00e9 tenemos que hacer, hermanos?<\/em><\/strong>\u00bb (<em>Ac<\/em> 2,37). La respuesta es contundente: \u00ab<em>\u00a1<strong>Convert\u00edos!<\/strong><\/em>\u00bb (<em>Ac<\/em> 2,38). \u00a1En eso estamos!<\/p>\n","protected":false},"excerpt":{"rendered":"<p>La fidelidad que genera futuro y construye la paz Cuando  [&#8230;]<\/p>\n","protected":false},"author":2,"featured_media":0,"comment_status":"closed","ping_status":"open","sticky":false,"template":"","format":"standard","meta":{"footnotes":""},"categories":[39],"tags":[],"class_list":["post-32536","post","type-post","status-publish","format-standard","hentry","category-articles-del-bisbe"],"yoast_head":"<!-- This site is optimized with the Yoast SEO plugin v27.0 - https:\/\/yoast.com\/product\/yoast-seo-wordpress\/ -->\n<title>26 d&#039;abril de 2026. La fidelidad que genera futuro y construye la paz<\/title>\n<meta name=\"robots\" content=\"index, follow, max-snippet:-1, max-image-preview:large, max-video-preview:-1\" \/>\n<link rel=\"canonical\" href=\"https:\/\/www.bisbatdemallorca.org\/en\/la-fidelitat-que-genera-futur-i-construeix-la-pau\/\" \/>\n<meta property=\"og:locale\" content=\"en_US\" \/>\n<meta property=\"og:locale:alternate\" content=\"ca\" \/>\n<meta property=\"og:locale:alternate\" content=\"es_ES\" \/>\n<meta property=\"og:type\" content=\"article\" \/>\n<meta property=\"og:title\" content=\"26 d&#039;abril de 2026. La fidelidad que genera futuro y construye la paz\" \/>\n<meta property=\"og:description\" content=\"La fidelidad que genera futuro y construye la paz Cuando [...]\" \/>\n<meta property=\"og:url\" content=\"https:\/\/www.bisbatdemallorca.org\/en\/la-fidelitat-que-genera-futur-i-construeix-la-pau\/\" \/>\n<meta property=\"og:site_name\" content=\"Bisbat de Mallorca\" \/>\n<meta property=\"article:published_time\" content=\"2026-04-26T09:08:29+00:00\" \/>\n<meta property=\"article:modified_time\" content=\"2026-04-30T09:10:41+00:00\" \/>\n<meta name=\"author\" content=\"Administraci\u00f3 Bisbat de Mallorca\" \/>\n<meta name=\"twitter:card\" content=\"summary_large_image\" \/>\n<meta name=\"twitter:label1\" content=\"Written by\" \/>\n\t<meta name=\"twitter:data1\" content=\"Administraci\u00f3 Bisbat de Mallorca\" \/>\n\t<meta name=\"twitter:label2\" content=\"Est. reading time\" \/>\n\t<meta name=\"twitter:data2\" content=\"3 minutes\" \/>\n<script type=\"application\/ld+json\" class=\"yoast-schema-graph\">{\"@context\":\"https:\/\/schema.org\",\"@graph\":[{\"@type\":\"Article\",\"@id\":\"https:\/\/www.bisbatdemallorca.org\/ca\/la-fidelitat-que-genera-futur-i-construeix-la-pau\/#article\",\"isPartOf\":{\"@id\":\"https:\/\/www.bisbatdemallorca.org\/ca\/la-fidelitat-que-genera-futur-i-construeix-la-pau\/\"},\"author\":{\"name\":\"Administraci\u00f3 Bisbat de Mallorca\",\"@id\":\"https:\/\/www.bisbatdemallorca.org\/ca\/#\/schema\/person\/9d198fedaef82cec34c41260a51964a6\"},\"headline\":\"26 d&#8217;abril de 2026. La fidelidad que genera futuro y construye la paz\",\"datePublished\":\"2026-04-26T09:08:29+00:00\",\"dateModified\":\"2026-04-30T09:10:41+00:00\",\"mainEntityOfPage\":{\"@id\":\"https:\/\/www.bisbatdemallorca.org\/ca\/la-fidelitat-que-genera-futur-i-construeix-la-pau\/\"},\"wordCount\":1401,\"publisher\":{\"@id\":\"https:\/\/www.bisbatdemallorca.org\/ca\/#organization\"},\"articleSection\":[\"Articles del Bisbe\"],\"inLanguage\":\"en-US\"},{\"@type\":\"WebPage\",\"@id\":\"https:\/\/www.bisbatdemallorca.org\/ca\/la-fidelitat-que-genera-futur-i-construeix-la-pau\/\",\"url\":\"https:\/\/www.bisbatdemallorca.org\/ca\/la-fidelitat-que-genera-futur-i-construeix-la-pau\/\",\"name\":\"26 d'abril de 2026. La fidelidad que genera futuro y construye la paz\",\"isPartOf\":{\"@id\":\"https:\/\/www.bisbatdemallorca.org\/ca\/#website\"},\"datePublished\":\"2026-04-26T09:08:29+00:00\",\"dateModified\":\"2026-04-30T09:10:41+00:00\",\"breadcrumb\":{\"@id\":\"https:\/\/www.bisbatdemallorca.org\/ca\/la-fidelitat-que-genera-futur-i-construeix-la-pau\/#breadcrumb\"},\"inLanguage\":\"en-US\",\"potentialAction\":[{\"@type\":\"ReadAction\",\"target\":[\"https:\/\/www.bisbatdemallorca.org\/ca\/la-fidelitat-que-genera-futur-i-construeix-la-pau\/\"]}]},{\"@type\":\"BreadcrumbList\",\"@id\":\"https:\/\/www.bisbatdemallorca.org\/ca\/la-fidelitat-que-genera-futur-i-construeix-la-pau\/#breadcrumb\",\"itemListElement\":[{\"@type\":\"ListItem\",\"position\":1,\"name\":\"Portada\",\"item\":\"https:\/\/www.bisbatdemallorca.org\/ca\/\"},{\"@type\":\"ListItem\",\"position\":2,\"name\":\"26 de abril de 2026. La fidelitat que genera futur i construeix la pau\"}]},{\"@type\":\"WebSite\",\"@id\":\"https:\/\/www.bisbatdemallorca.org\/ca\/#website\",\"url\":\"https:\/\/www.bisbatdemallorca.org\/ca\/\",\"name\":\"Bisbat de Mallorca\",\"description\":\"Just another WordPress site\",\"publisher\":{\"@id\":\"https:\/\/www.bisbatdemallorca.org\/ca\/#organization\"},\"potentialAction\":[{\"@type\":\"SearchAction\",\"target\":{\"@type\":\"EntryPoint\",\"urlTemplate\":\"https:\/\/www.bisbatdemallorca.org\/ca\/?s={search_term_string}\"},\"query-input\":{\"@type\":\"PropertyValueSpecification\",\"valueRequired\":true,\"valueName\":\"search_term_string\"}}],\"inLanguage\":\"en-US\"},{\"@type\":\"Organization\",\"@id\":\"https:\/\/www.bisbatdemallorca.org\/ca\/#organization\",\"name\":\"Bisbat De Mallorca\",\"url\":\"https:\/\/www.bisbatdemallorca.org\/ca\/\",\"logo\":{\"@type\":\"ImageObject\",\"inLanguage\":\"en-US\",\"@id\":\"https:\/\/www.bisbatdemallorca.org\/ca\/#\/schema\/logo\/image\/\",\"url\":\"https:\/\/bisbatdemallorca.org\/wp-content\/uploads\/2022\/04\/Logo_Bisbat-de-Mallorca-scaled.jpeg\",\"contentUrl\":\"https:\/\/bisbatdemallorca.org\/wp-content\/uploads\/2022\/04\/Logo_Bisbat-de-Mallorca-scaled.jpeg\",\"width\":2560,\"height\":1810,\"caption\":\"Bisbat De Mallorca\"},\"image\":{\"@id\":\"https:\/\/www.bisbatdemallorca.org\/ca\/#\/schema\/logo\/image\/\"}},{\"@type\":\"Person\",\"@id\":\"https:\/\/www.bisbatdemallorca.org\/ca\/#\/schema\/person\/9d198fedaef82cec34c41260a51964a6\",\"name\":\"Administraci\u00f3 Bisbat de Mallorca\",\"image\":{\"@type\":\"ImageObject\",\"inLanguage\":\"en-US\",\"@id\":\"https:\/\/www.bisbatdemallorca.org\/ca\/#\/schema\/person\/image\/\",\"url\":\"https:\/\/secure.gravatar.com\/avatar\/cc0dac0bd15aa6305e120ea8e5b6c12f94c8fe06a53230fa56abffe62cefceb4?s=96&d=mm&r=g\",\"contentUrl\":\"https:\/\/secure.gravatar.com\/avatar\/cc0dac0bd15aa6305e120ea8e5b6c12f94c8fe06a53230fa56abffe62cefceb4?s=96&d=mm&r=g\",\"caption\":\"Administraci\u00f3 Bisbat de Mallorca\"},\"sameAs\":[\"https:\/\/bisbatdemallorca.org\"],\"url\":\"https:\/\/www.bisbatdemallorca.org\/en\/author\/administraciobisbat\/\"}]}<\/script>\n<!-- \/ Yoast SEO plugin. -->","yoast_head_json":{"title":"26 d'abril de 2026. La fidelidad que genera futuro y construye la paz","robots":{"index":"index","follow":"follow","max-snippet":"max-snippet:-1","max-image-preview":"max-image-preview:large","max-video-preview":"max-video-preview:-1"},"canonical":"https:\/\/www.bisbatdemallorca.org\/en\/la-fidelitat-que-genera-futur-i-construeix-la-pau\/","og_locale":"en_US","og_type":"article","og_title":"[:ca]26 de abril de 2026. La fidelitat que genera futur i construeix la pau[:es]26 d'abril de 2026. La fidelidad que genera futuro y construye la paz[:] - Bisbat de Mallorca","og_description":"La fidelidad que genera futuro y construye la paz Cuando [...]","og_url":"https:\/\/www.bisbatdemallorca.org\/en\/la-fidelitat-que-genera-futur-i-construeix-la-pau\/","og_site_name":"Bisbat de Mallorca","article_published_time":"2026-04-26T09:08:29+00:00","article_modified_time":"2026-04-30T09:10:41+00:00","author":"Administraci\u00f3 Bisbat de Mallorca","twitter_card":"summary_large_image","twitter_misc":{"Written by":"Administraci\u00f3 Bisbat de Mallorca","Est. reading time":"3 minutes"},"schema":{"@context":"https:\/\/schema.org","@graph":[{"@type":"Article","@id":"https:\/\/www.bisbatdemallorca.org\/ca\/la-fidelitat-que-genera-futur-i-construeix-la-pau\/#article","isPartOf":{"@id":"https:\/\/www.bisbatdemallorca.org\/ca\/la-fidelitat-que-genera-futur-i-construeix-la-pau\/"},"author":{"name":"Administraci\u00f3 Bisbat de Mallorca","@id":"https:\/\/www.bisbatdemallorca.org\/ca\/#\/schema\/person\/9d198fedaef82cec34c41260a51964a6"},"headline":"26 d&#8217;abril de 2026. La fidelidad que genera futuro y construye la paz","datePublished":"2026-04-26T09:08:29+00:00","dateModified":"2026-04-30T09:10:41+00:00","mainEntityOfPage":{"@id":"https:\/\/www.bisbatdemallorca.org\/ca\/la-fidelitat-que-genera-futur-i-construeix-la-pau\/"},"wordCount":1401,"publisher":{"@id":"https:\/\/www.bisbatdemallorca.org\/ca\/#organization"},"articleSection":["Articles del Bisbe"],"inLanguage":"en-US"},{"@type":"WebPage","@id":"https:\/\/www.bisbatdemallorca.org\/ca\/la-fidelitat-que-genera-futur-i-construeix-la-pau\/","url":"https:\/\/www.bisbatdemallorca.org\/ca\/la-fidelitat-que-genera-futur-i-construeix-la-pau\/","name":"26 d'abril de 2026. La fidelidad que genera futuro y construye la paz","isPartOf":{"@id":"https:\/\/www.bisbatdemallorca.org\/ca\/#website"},"datePublished":"2026-04-26T09:08:29+00:00","dateModified":"2026-04-30T09:10:41+00:00","breadcrumb":{"@id":"https:\/\/www.bisbatdemallorca.org\/ca\/la-fidelitat-que-genera-futur-i-construeix-la-pau\/#breadcrumb"},"inLanguage":"en-US","potentialAction":[{"@type":"ReadAction","target":["https:\/\/www.bisbatdemallorca.org\/ca\/la-fidelitat-que-genera-futur-i-construeix-la-pau\/"]}]},{"@type":"BreadcrumbList","@id":"https:\/\/www.bisbatdemallorca.org\/ca\/la-fidelitat-que-genera-futur-i-construeix-la-pau\/#breadcrumb","itemListElement":[{"@type":"ListItem","position":1,"name":"Portada","item":"https:\/\/www.bisbatdemallorca.org\/ca\/"},{"@type":"ListItem","position":2,"name":"26 de abril de 2026. La fidelitat que genera futur i construeix la pau"}]},{"@type":"WebSite","@id":"https:\/\/www.bisbatdemallorca.org\/ca\/#website","url":"https:\/\/www.bisbatdemallorca.org\/ca\/","name":"Bisbat de Mallorca","description":"Just another WordPress site","publisher":{"@id":"https:\/\/www.bisbatdemallorca.org\/ca\/#organization"},"potentialAction":[{"@type":"SearchAction","target":{"@type":"EntryPoint","urlTemplate":"https:\/\/www.bisbatdemallorca.org\/ca\/?s={search_term_string}"},"query-input":{"@type":"PropertyValueSpecification","valueRequired":true,"valueName":"search_term_string"}}],"inLanguage":"en-US"},{"@type":"Organization","@id":"https:\/\/www.bisbatdemallorca.org\/ca\/#organization","name":"Bisbat De Mallorca","url":"https:\/\/www.bisbatdemallorca.org\/ca\/","logo":{"@type":"ImageObject","inLanguage":"en-US","@id":"https:\/\/www.bisbatdemallorca.org\/ca\/#\/schema\/logo\/image\/","url":"https:\/\/bisbatdemallorca.org\/wp-content\/uploads\/2022\/04\/Logo_Bisbat-de-Mallorca-scaled.jpeg","contentUrl":"https:\/\/bisbatdemallorca.org\/wp-content\/uploads\/2022\/04\/Logo_Bisbat-de-Mallorca-scaled.jpeg","width":2560,"height":1810,"caption":"Bisbat De Mallorca"},"image":{"@id":"https:\/\/www.bisbatdemallorca.org\/ca\/#\/schema\/logo\/image\/"}},{"@type":"Person","@id":"https:\/\/www.bisbatdemallorca.org\/ca\/#\/schema\/person\/9d198fedaef82cec34c41260a51964a6","name":"Administraci\u00f3 Bisbat de Mallorca","image":{"@type":"ImageObject","inLanguage":"en-US","@id":"https:\/\/www.bisbatdemallorca.org\/ca\/#\/schema\/person\/image\/","url":"https:\/\/secure.gravatar.com\/avatar\/cc0dac0bd15aa6305e120ea8e5b6c12f94c8fe06a53230fa56abffe62cefceb4?s=96&d=mm&r=g","contentUrl":"https:\/\/secure.gravatar.com\/avatar\/cc0dac0bd15aa6305e120ea8e5b6c12f94c8fe06a53230fa56abffe62cefceb4?s=96&d=mm&r=g","caption":"Administraci\u00f3 Bisbat de Mallorca"},"sameAs":["https:\/\/bisbatdemallorca.org"],"url":"https:\/\/www.bisbatdemallorca.org\/en\/author\/administraciobisbat\/"}]}},"_links":{"self":[{"href":"https:\/\/www.bisbatdemallorca.org\/en\/wp-json\/wp\/v2\/posts\/32536","targetHints":{"allow":["GET"]}}],"collection":[{"href":"https:\/\/www.bisbatdemallorca.org\/en\/wp-json\/wp\/v2\/posts"}],"about":[{"href":"https:\/\/www.bisbatdemallorca.org\/en\/wp-json\/wp\/v2\/types\/post"}],"author":[{"embeddable":true,"href":"https:\/\/www.bisbatdemallorca.org\/en\/wp-json\/wp\/v2\/users\/2"}],"replies":[{"embeddable":true,"href":"https:\/\/www.bisbatdemallorca.org\/en\/wp-json\/wp\/v2\/comments?post=32536"}],"version-history":[{"count":0,"href":"https:\/\/www.bisbatdemallorca.org\/en\/wp-json\/wp\/v2\/posts\/32536\/revisions"}],"wp:attachment":[{"href":"https:\/\/www.bisbatdemallorca.org\/en\/wp-json\/wp\/v2\/media?parent=32536"}],"wp:term":[{"taxonomy":"category","embeddable":true,"href":"https:\/\/www.bisbatdemallorca.org\/en\/wp-json\/wp\/v2\/categories?post=32536"},{"taxonomy":"post_tag","embeddable":true,"href":"https:\/\/www.bisbatdemallorca.org\/en\/wp-json\/wp\/v2\/tags?post=32536"}],"curies":[{"name":"wp","href":"https:\/\/api.w.org\/{rel}","templated":true}]}}